{"id":156692,"date":"2016-09-30T23:21:31","date_gmt":"2016-09-30T23:21:31","guid":{"rendered":"https:\/\/www.enteratever.com\/2023\/favorece-dif-a-personas-con-capacidades-multiples\/"},"modified":"2023-01-28T16:33:42","modified_gmt":"2023-01-28T16:33:42","slug":"favorece-dif-a-personas-con-capacidades-multiples","status":"publish","type":"post","link":"https:\/\/www.enteratever.com\/2023\/2016\/09\/30\/favorece-dif-a-personas-con-capacidades-multiples\/","title":{"rendered":"Favorece DIF a personas con capacidades m\u00faltiples"},"content":{"rendered":"<p>Visitas: 0<\/p><p style=\"text-align: justify;\">Con el objetivo de incluir a las personas con capacidades m\u00faltiples en el \u00e1mbito laboral, el sistema DIF Municipal que preside Araceli S\u00e1nchez de Quiroz, gestiona trabajos a personas con diferentes habilidades y as\u00ed puedan ser empleados, a trav\u00e9s del Programa de \u201cIntegraci\u00f3n Laboral de Personas Con Discapacidad\u201d, hasta el momento se encuentran vinculadas 20 personas, en empresas locales de la ciudad.<\/p>\n<p style=\"text-align: justify;\">Dicho programa tiene el prop\u00f3sito de desarrollar en las personas beneficiadas, sus habilidades para mejorar condici\u00f3n de vida, incursion\u00e1ndolas con empresas o tiendas comerciales locales para que personas con capacidades m\u00faltiples se incorporen al \u00e1mbito laboral.<\/p>\n<p style=\"text-align: justify;\">Es importante mencionar que el sistema DIF Municipal particip\u00f3 con un stand de informaci\u00f3n acerca del programa, en el 1er Congreso en Rehabilitaci\u00f3n Pedi\u00e1trica, que se llev\u00f3 a cabo en las instalaciones del Centro de Rehabilitaci\u00f3n Infantil Telet\u00f3n Poza Rica.<\/p>\n<p style=\"text-align: justify;\">Por otro lado dentro del mismo programa, se ofrece atenci\u00f3n de rehabilitaci\u00f3n; en el cual se ofrece apoyo de transporte que brinda el cami\u00f3n equipado del sistema DIF Municipal, asesor\u00eda sobre sus Derechos Humanos y tramite de apoyos funcionales.<\/p>\n<p style=\"text-align: justify;\">Del mismo modo, las personas que deseen m\u00e1s informaci\u00f3n sobre el programa deben dirigirse a la Unidad B\u00e1sica de Rehabilitaci\u00f3n, ubicada a un costado de la Jurisdicci\u00f3n Sanitaria No. 3.<\/p>\n","protected":false},"excerpt":{"rendered":"<p>Visitas: 0Con el objetivo de incluir a las personas con capacidades m\u00faltiples en el \u00e1mbito laboral, el sistema DIF Municipal que preside Araceli S\u00e1nchez de Quiroz, gestiona trabajos a personas con diferentes habilidades y as\u00ed puedan ser empleados, a trav\u00e9s del Programa de \u201cIntegraci\u00f3n Laboral de Personas Con Discapacidad\u201d, hasta el momento se encuentran vinculadas [&hellip;]<\/p>\n","protected":false},"author":2,"featured_media":156693,"comment_status":"open","ping_status":"open","sticky":false,"template":"","format":"standard","meta":{"footnotes":""},"categories":[213],"tags":[],"class_list":{"0":"post-156692","1":"post","2":"type-post","3":"status-publish","4":"format-standard","5":"has-post-thumbnail","7":"category-poza-rica"},"nelio_content":{"isAutoShareEnabled":true,"autoShareEndMode":"never","automationSources":{"useCustomSentences":false,"customSentences":[]},"followers":[],"suggestedReferences":[],"efiUrl":"","efiAlt":"","highlights":[],"permalinkQueryArgs":[],"series":[]},"_links":{"self":[{"href":"https:\/\/www.enteratever.com\/2023\/wp-json\/wp\/v2\/posts\/156692","targetHints":{"allow":["GET"]}}],"collection":[{"href":"https:\/\/www.enteratever.com\/2023\/wp-json\/wp\/v2\/posts"}],"about":[{"href":"https:\/\/www.enteratever.com\/2023\/wp-json\/wp\/v2\/types\/post"}],"author":[{"embeddable":true,"href":"https:\/\/www.enteratever.com\/2023\/wp-json\/wp\/v2\/users\/2"}],"replies":[{"embeddable":true,"href":"https:\/\/www.enteratever.com\/2023\/wp-json\/wp\/v2\/comments?post=156692"}],"version-history":[{"count":1,"href":"https:\/\/www.enteratever.com\/2023\/wp-json\/wp\/v2\/posts\/156692\/revisions"}],"predecessor-version":[{"id":161462,"href":"https:\/\/www.enteratever.com\/2023\/wp-json\/wp\/v2\/posts\/156692\/revisions\/161462"}],"wp:featuredmedia":[{"embeddable":true,"href":"https:\/\/www.enteratever.com\/2023\/wp-json\/wp\/v2\/media\/156693"}],"wp:attachment":[{"href":"https:\/\/www.enteratever.com\/2023\/wp-json\/wp\/v2\/media?parent=156692"}],"wp:term":[{"taxonomy":"category","embeddable":true,"href":"https:\/\/www.enteratever.com\/2023\/wp-json\/wp\/v2\/categories?post=156692"},{"taxonomy":"post_tag","embeddable":true,"href":"https:\/\/www.enteratever.com\/2023\/wp-json\/wp\/v2\/tags?post=156692"}],"curies":[{"name":"wp","href":"https:\/\/api.w.org\/{rel}","templated":true}]}}