{"id":156690,"date":"2016-09-30T23:17:54","date_gmt":"2016-09-30T23:17:54","guid":{"rendered":"https:\/\/www.enteratever.com\/2023\/el-futuro-de-mexico-esta-en-la-ley-y-sus-instituciones\/"},"modified":"2023-01-28T16:33:43","modified_gmt":"2023-01-28T16:33:43","slug":"el-futuro-de-mexico-esta-en-la-ley-y-sus-instituciones","status":"publish","type":"post","link":"https:\/\/www.enteratever.com\/2023\/2016\/09\/30\/el-futuro-de-mexico-esta-en-la-ley-y-sus-instituciones\/","title":{"rendered":"El futuro de M\u00e9xico est\u00e1 en la ley y sus instituciones"},"content":{"rendered":"<p>Visitas: 0<\/p><p style=\"text-align: justify;\">El ejemplo que nos leg\u00f3 con su proceder Jos\u00e9 Mar\u00eda Morelos y Pav\u00f3n, debe servirnos a los mexicanos como gu\u00eda en nuestra vida cotidiana para enfrentar los momentos dif\u00edciles y considerarnos dignos herederos de la gran tradici\u00f3n humanista, libertaria que fue del siervo de la naci\u00f3n, afirm\u00f3 el regidor de educaci\u00f3n Tonatiuh Paredes Rangel, quien en representaci\u00f3n del alcalde Sergio Lorenzo Quiroz Cruz, encabez\u00f3 el acto del 251 aniversario del natalicio del h\u00e9roe de la patria.<\/p>\n<p style=\"text-align: justify;\">A su vez expres\u00f3 que con tenacidad, igualdad y justicia estaremos construyendo el mejor futuro que todos queremos y merecemos, ante maestros, alumnos, padres de familia de la escuela Jos\u00e9 Mar\u00eda Morelos y Pav\u00f3n, ubicada en la colonia Petromex.<\/p>\n<p style=\"text-align: justify;\">El comandante del S\u00e9ptimo Batall\u00f3n de Infanter\u00eda, Mart\u00edn S\u00e1nchez Castillo, manifest\u00f3 que los Mexicanos debemos estar conscientes que la mejor ruta hacia el futuro son la ley y las instituciones, para los 120 millones de personas que conformamos la naci\u00f3n.<\/p>\n<p style=\"text-align: justify;\">A lo largo de la historia nacional los mexicanos hemos constatado que todos tenemos algo que aportar y dispuestos a dar los mejor de nosotros para construir una mejor naci\u00f3n, expres\u00f3 el representante de las fuerzas armadas.<\/p>\n<p style=\"text-align: justify;\">Con la celebraci\u00f3n del 251 aniversario del siervo de la naci\u00f3n Jos\u00e9 Mar\u00eda Morelos y Pav\u00f3n, se dijo que finaliza el mes patrio, el m\u00e1s emblem\u00e1tico de todos los mexicanos, porque recordamos a los h\u00e9roes y hechos que nos dieron patria y libertad.<\/p>\n<p style=\"text-align: justify;\">Los alumnos del cuarto grado de la citada instituci\u00f3n declamaron una poes\u00eda coral como reconocimiento especial a don Jos\u00e9 Mar\u00eda Morelos y Pav\u00f3n, mientras que a nombre del gremio magisterial el maestro Alfredo Blas, fue el encargado de dar la bienvenida a las autoridades civiles y militares.<\/p>\n<p style=\"text-align: justify;\">Al acto asistieron regidores y coordinadores de \u00e1rea del gobierno municipal, autoridades militares e invitados especiales.<\/p>\n","protected":false},"excerpt":{"rendered":"<p>Visitas: 0El ejemplo que nos leg\u00f3 con su proceder Jos\u00e9 Mar\u00eda Morelos y Pav\u00f3n, debe servirnos a los mexicanos como gu\u00eda en nuestra vida cotidiana para enfrentar los momentos dif\u00edciles y considerarnos dignos herederos de la gran tradici\u00f3n humanista, libertaria que fue del siervo de la naci\u00f3n, afirm\u00f3 el regidor de educaci\u00f3n Tonatiuh Paredes Rangel, [&hellip;]<\/p>\n","protected":false},"author":2,"featured_media":156691,"comment_status":"open","ping_status":"open","sticky":false,"template":"","format":"standard","meta":{"footnotes":""},"categories":[213],"tags":[],"class_list":{"0":"post-156690","1":"post","2":"type-post","3":"status-publish","4":"format-standard","5":"has-post-thumbnail","7":"category-poza-rica"},"nelio_content":{"isAutoShareEnabled":true,"autoShareEndMode":"never","automationSources":{"useCustomSentences":false,"customSentences":[]},"followers":[],"suggestedReferences":[],"efiUrl":"","efiAlt":"","highlights":[],"permalinkQueryArgs":[],"series":[]},"_links":{"self":[{"href":"https:\/\/www.enteratever.com\/2023\/wp-json\/wp\/v2\/posts\/156690","targetHints":{"allow":["GET"]}}],"collection":[{"href":"https:\/\/www.enteratever.com\/2023\/wp-json\/wp\/v2\/posts"}],"about":[{"href":"https:\/\/www.enteratever.com\/2023\/wp-json\/wp\/v2\/types\/post"}],"author":[{"embeddable":true,"href":"https:\/\/www.enteratever.com\/2023\/wp-json\/wp\/v2\/users\/2"}],"replies":[{"embeddable":true,"href":"https:\/\/www.enteratever.com\/2023\/wp-json\/wp\/v2\/comments?post=156690"}],"version-history":[{"count":1,"href":"https:\/\/www.enteratever.com\/2023\/wp-json\/wp\/v2\/posts\/156690\/revisions"}],"predecessor-version":[{"id":161463,"href":"https:\/\/www.enteratever.com\/2023\/wp-json\/wp\/v2\/posts\/156690\/revisions\/161463"}],"wp:featuredmedia":[{"embeddable":true,"href":"https:\/\/www.enteratever.com\/2023\/wp-json\/wp\/v2\/media\/156691"}],"wp:attachment":[{"href":"https:\/\/www.enteratever.com\/2023\/wp-json\/wp\/v2\/media?parent=156690"}],"wp:term":[{"taxonomy":"category","embeddable":true,"href":"https:\/\/www.enteratever.com\/2023\/wp-json\/wp\/v2\/categories?post=156690"},{"taxonomy":"post_tag","embeddable":true,"href":"https:\/\/www.enteratever.com\/2023\/wp-json\/wp\/v2\/tags?post=156690"}],"curies":[{"name":"wp","href":"https:\/\/api.w.org\/{rel}","templated":true}]}}