{"id":156674,"date":"2016-09-28T17:56:31","date_gmt":"2016-09-28T17:56:31","guid":{"rendered":"https:\/\/www.enteratever.com\/2023\/asesinos-de-curas-son-asaltantes-de-oxxos-fiscal\/"},"modified":"2023-01-28T16:33:43","modified_gmt":"2023-01-28T16:33:43","slug":"asesinos-de-curas-son-asaltantes-de-oxxos-fiscal","status":"publish","type":"post","link":"https:\/\/www.enteratever.com\/2023\/2016\/09\/28\/asesinos-de-curas-son-asaltantes-de-oxxos-fiscal\/","title":{"rendered":"Asesinos de curas son asaltantes de Oxxos: Fiscal"},"content":{"rendered":"<p>Visitas: 0<\/p><div>\n<p style=\"text-align: justify;\">El fiscal general del Estado, Luis \u00c1ngel Bravo Contreras, confirm\u00f3 que los asesinos de los dos miembros de la iglesia cat\u00f3lica que aparecieron en Poza Rica no est\u00e1n involucrados con la delincuencia organizada sino se trat\u00f3 de asaltantes de tiendas de autoservicio.<\/p>\n<p style=\"text-align: justify;\">\u201cYa tenemos a esta hora otra orden de aprehensi\u00f3n, estamos en b\u00fasqueda de los objetivos, y por cu\u00e1nto hace a las otras dos personas ya estamos nutriendo la investigaci\u00f3n de los elementos que nos permitir\u00e1n solicitar otras dos ordenes de aprehensi\u00f3n\u201d<\/p>\n<p style=\"text-align: justify;\">Entrevistado en el aeropuerto de Veracruz, se\u00f1al\u00f3 que las personas ya est\u00e1n identificadas y se sabe que son especialistas en robar tiendas OXXO.<\/p>\n<p style=\"text-align: justify;\">\u201cBuen importante decirles porque luego se generan vac\u00edos de informaci\u00f3n y notas descontextualizadas, aqu\u00ed es bien importante decirles que en las personas que ya est\u00e1n bien identificadas en el caso est\u00e1n vinculadas a asuntos que tienen que ver con tiendas de auto servicio, espec\u00edficamente Oxxos que no suene comercial pero lo tenemos referenciado\u201d<\/p>\n<p style=\"text-align: justify;\">-\u00bfNo tienen que ver v\u00ednculos con la delincuencia organizada como alguien lo ha se\u00f1alado? -se le cuestion\u00f3.<\/p>\n<p style=\"text-align: justify;\">\u201cNo, yo lo dije desde un principio que no hab\u00eda signo de ello, si se fortalece la teor\u00eda de que fue el robo el m\u00f3vil, jam\u00e1s se dijo que fue una borrachera como algunas notas por ah\u00ed lo dijeron, lo cierto es que ya hay personas identificadas\u201d, dijo.<\/p>\n<p style=\"text-align: justify;\">Insisti\u00f3 en que el m\u00f3vil de asesinato fue el robo \u201cya se fortalece la teor\u00eda de que el m\u00f3vil es robo porque estas personas estaban ligadas o vinculadas a hechos que tienen que ver con robo de tiendas de autoservicio.<\/p>\n<\/div>\n","protected":false},"excerpt":{"rendered":"<p>Visitas: 0 El fiscal general del Estado, Luis \u00c1ngel Bravo Contreras, confirm\u00f3 que los asesinos de los dos miembros de la iglesia cat\u00f3lica que aparecieron en Poza Rica no est\u00e1n involucrados con la delincuencia organizada sino se trat\u00f3 de asaltantes de tiendas de autoservicio. \u201cYa tenemos a esta hora otra orden de aprehensi\u00f3n, estamos en [&hellip;]<\/p>\n","protected":false},"author":2,"featured_media":156675,"comment_status":"open","ping_status":"open","sticky":false,"template":"","format":"standard","meta":{"footnotes":""},"categories":[213],"tags":[],"class_list":{"0":"post-156674","1":"post","2":"type-post","3":"status-publish","4":"format-standard","5":"has-post-thumbnail","7":"category-poza-rica"},"nelio_content":{"isAutoShareEnabled":true,"autoShareEndMode":"never","automationSources":{"useCustomSentences":false,"customSentences":[]},"followers":[],"suggestedReferences":[],"efiUrl":"","efiAlt":"","highlights":[],"permalinkQueryArgs":[],"series":[]},"_links":{"self":[{"href":"https:\/\/www.enteratever.com\/2023\/wp-json\/wp\/v2\/posts\/156674","targetHints":{"allow":["GET"]}}],"collection":[{"href":"https:\/\/www.enteratever.com\/2023\/wp-json\/wp\/v2\/posts"}],"about":[{"href":"https:\/\/www.enteratever.com\/2023\/wp-json\/wp\/v2\/types\/post"}],"author":[{"embeddable":true,"href":"https:\/\/www.enteratever.com\/2023\/wp-json\/wp\/v2\/users\/2"}],"replies":[{"embeddable":true,"href":"https:\/\/www.enteratever.com\/2023\/wp-json\/wp\/v2\/comments?post=156674"}],"version-history":[{"count":1,"href":"https:\/\/www.enteratever.com\/2023\/wp-json\/wp\/v2\/posts\/156674\/revisions"}],"predecessor-version":[{"id":161471,"href":"https:\/\/www.enteratever.com\/2023\/wp-json\/wp\/v2\/posts\/156674\/revisions\/161471"}],"wp:featuredmedia":[{"embeddable":true,"href":"https:\/\/www.enteratever.com\/2023\/wp-json\/wp\/v2\/media\/156675"}],"wp:attachment":[{"href":"https:\/\/www.enteratever.com\/2023\/wp-json\/wp\/v2\/media?parent=156674"}],"wp:term":[{"taxonomy":"category","embeddable":true,"href":"https:\/\/www.enteratever.com\/2023\/wp-json\/wp\/v2\/categories?post=156674"},{"taxonomy":"post_tag","embeddable":true,"href":"https:\/\/www.enteratever.com\/2023\/wp-json\/wp\/v2\/tags?post=156674"}],"curies":[{"name":"wp","href":"https:\/\/api.w.org\/{rel}","templated":true}]}}