{"id":156630,"date":"2016-09-21T18:10:26","date_gmt":"2016-09-21T18:10:26","guid":{"rendered":"https:\/\/www.enteratever.com\/2023\/gana-pozarricense-el-certamen-la-voz-dgb\/"},"modified":"2023-01-28T16:33:44","modified_gmt":"2023-01-28T16:33:44","slug":"gana-pozarricense-el-certamen-la-voz-dgb","status":"publish","type":"post","link":"https:\/\/www.enteratever.com\/2023\/2016\/09\/21\/gana-pozarricense-el-certamen-la-voz-dgb\/","title":{"rendered":"Gana pozarricense el certamen La Voz DGB"},"content":{"rendered":"<p>Visitas: 2<\/p><p style=\"text-align: justify;\">La pozarricense Ver\u00f3nica de la Tejera Presa, estudiante del Colegio Tepeyac, obtuvo el primer lugar del certamen estatal La Voz, organizado por la Direcci\u00f3n General de Bachillerato (DGB).<\/p>\n<p style=\"text-align: justify;\">Luego de concursar en las instalaciones del Colegio M\u00e9xico, junto con los 12 ganadores de las seis zonas que conforman este subsistema, la alumna asegur\u00f3 su triunfo con las interpretaciones en balada <i>Lo que son las cosas<\/i> y <i>La diferencia<\/i>.<\/p>\n<p style=\"text-align: justify;\">Arte, entonaci\u00f3n, talento, armon\u00eda, tesituras y emociones, fueron calificadas por el jurado conformado por la soprano Ana Luisa M\u00e9ndez y los expertos en m\u00fasica Rosa Arisbe Mart\u00ednez y Daniel Serna Poot, quienes reconocieron la calidad interpretativa de los concursantes.<\/p>\n<p style=\"text-align: justify;\">Por m\u00e1s de cuatro horas, los j\u00f3venes provenientes de diferentes puntos del estado entonaron balada en una primera ronda y m\u00fasica vern\u00e1cula mexicana en la segunda.<\/p>\n<p style=\"text-align: justify;\">El segundo puesto fue para Mariana Guadalupe \u00c1vila B\u00e1ez, de Bachilleres Euro Hispanoamericano, de Xalapa, y el tercero lo compartieron Karla Ver\u00f3nica Hern\u00e1ndez, de Bachilleres Poza Rica, y Mar\u00eda Fernanda Varillas, del Instituto Alexander Graham Bell de la ciudad de C\u00f3rdoba.<\/p>\n","protected":false},"excerpt":{"rendered":"<p>Visitas: 2La pozarricense Ver\u00f3nica de la Tejera Presa, estudiante del Colegio Tepeyac, obtuvo el primer lugar del certamen estatal La Voz, organizado por la Direcci\u00f3n General de Bachillerato (DGB). Luego de concursar en las instalaciones del Colegio M\u00e9xico, junto con los 12 ganadores de las seis zonas que conforman este subsistema, la alumna asegur\u00f3 su [&hellip;]<\/p>\n","protected":false},"author":2,"featured_media":156631,"comment_status":"open","ping_status":"open","sticky":false,"template":"","format":"standard","meta":{"footnotes":""},"categories":[213],"tags":[],"class_list":{"0":"post-156630","1":"post","2":"type-post","3":"status-publish","4":"format-standard","5":"has-post-thumbnail","7":"category-poza-rica"},"nelio_content":{"isAutoShareEnabled":true,"autoShareEndMode":"never","automationSources":{"useCustomSentences":false,"customSentences":[]},"followers":[],"suggestedReferences":[],"efiUrl":"","efiAlt":"","highlights":[],"permalinkQueryArgs":[],"series":[]},"_links":{"self":[{"href":"https:\/\/www.enteratever.com\/2023\/wp-json\/wp\/v2\/posts\/156630","targetHints":{"allow":["GET"]}}],"collection":[{"href":"https:\/\/www.enteratever.com\/2023\/wp-json\/wp\/v2\/posts"}],"about":[{"href":"https:\/\/www.enteratever.com\/2023\/wp-json\/wp\/v2\/types\/post"}],"author":[{"embeddable":true,"href":"https:\/\/www.enteratever.com\/2023\/wp-json\/wp\/v2\/users\/2"}],"replies":[{"embeddable":true,"href":"https:\/\/www.enteratever.com\/2023\/wp-json\/wp\/v2\/comments?post=156630"}],"version-history":[{"count":1,"href":"https:\/\/www.enteratever.com\/2023\/wp-json\/wp\/v2\/posts\/156630\/revisions"}],"predecessor-version":[{"id":161493,"href":"https:\/\/www.enteratever.com\/2023\/wp-json\/wp\/v2\/posts\/156630\/revisions\/161493"}],"wp:featuredmedia":[{"embeddable":true,"href":"https:\/\/www.enteratever.com\/2023\/wp-json\/wp\/v2\/media\/156631"}],"wp:attachment":[{"href":"https:\/\/www.enteratever.com\/2023\/wp-json\/wp\/v2\/media?parent=156630"}],"wp:term":[{"taxonomy":"category","embeddable":true,"href":"https:\/\/www.enteratever.com\/2023\/wp-json\/wp\/v2\/categories?post=156630"},{"taxonomy":"post_tag","embeddable":true,"href":"https:\/\/www.enteratever.com\/2023\/wp-json\/wp\/v2\/tags?post=156630"}],"curies":[{"name":"wp","href":"https:\/\/api.w.org\/{rel}","templated":true}]}}