{"id":156628,"date":"2016-09-21T15:38:17","date_gmt":"2016-09-21T15:38:17","guid":{"rendered":"https:\/\/www.enteratever.com\/2023\/papa-envia-condolencias-por-muerte-de-sacerdotes\/"},"modified":"2023-01-28T16:33:44","modified_gmt":"2023-01-28T16:33:44","slug":"papa-envia-condolencias-por-muerte-de-sacerdotes","status":"publish","type":"post","link":"https:\/\/www.enteratever.com\/2023\/2016\/09\/21\/papa-envia-condolencias-por-muerte-de-sacerdotes\/","title":{"rendered":"Papa env\u00eda condolencias por muerte de sacerdotes"},"content":{"rendered":"<p>Visitas: 0<\/p><p style=\"text-align: justify;\">El Papa Francisco envi\u00f3 sus condolencias por las muertes del p\u00e1rroco de la parroquia de Nuestra Se\u00f1ora de F\u00e1tima, en Poza Rica, Veracruz, Alejo Nabor Jim\u00e9nez Ju\u00e1rez, y del vicario Jos\u00e9 Alfredo Su\u00e1rez de la Cruz.<\/p>\n<p style=\"text-align: justify;\">En una carta difundida por la Conferencia del Episcopado Mexicano (CEM) enviada al obispo de Papantla, Jos\u00e9 Trinidad Zapata Ortiz, y firmada por el secretario de Estado del Vaticano, Pietro Parolin, el pont\u00edfice manifiesta su firme condena a todo atentado a la vida y la dignidad de las personas.<\/p>\n<p style=\"text-align: justify;\">\u00abEl Santo Padre expresa su m\u00e1s sentido p\u00e9same a vuestra excelencia, as\u00ed como al clero, comunidades religiosas y fieles de esa querida di\u00f3cesis, a la vez que ofrece sufragios por el eterno descanso de estos sacerdotes de Cristo, v\u00edctimas de una inexcusable violencia\u00bb, destaca.<\/p>\n<p style=\"text-align: justify;\">Al mismo tiempo exhorta al clero y los agentes pastorales de la di\u00f3cesis a continuar con energ\u00eda su misi\u00f3n eclesial, a pesar de los obst\u00e1culos y siguiendo el ejemplo de Jes\u00fas.<\/p>\n<p style=\"text-align: justify;\">En la misiva, que la Conferencia del Episcopado refiri\u00f3 fue recibida por la nunciatura apost\u00f3lica en M\u00e9xico, el Obispo de Roma se confiesa profundamente apenado por estos hechos y hace llegar a los familiares de los v\u00edctimas su cercan\u00eda en tan dolorosa prueba.<\/p>\n","protected":false},"excerpt":{"rendered":"<p>Visitas: 0El Papa Francisco envi\u00f3 sus condolencias por las muertes del p\u00e1rroco de la parroquia de Nuestra Se\u00f1ora de F\u00e1tima, en Poza Rica, Veracruz, Alejo Nabor Jim\u00e9nez Ju\u00e1rez, y del vicario Jos\u00e9 Alfredo Su\u00e1rez de la Cruz. En una carta difundida por la Conferencia del Episcopado Mexicano (CEM) enviada al obispo de Papantla, Jos\u00e9 Trinidad [&hellip;]<\/p>\n","protected":false},"author":2,"featured_media":156629,"comment_status":"open","ping_status":"open","sticky":false,"template":"","format":"standard","meta":{"footnotes":""},"categories":[213],"tags":[],"class_list":{"0":"post-156628","1":"post","2":"type-post","3":"status-publish","4":"format-standard","5":"has-post-thumbnail","7":"category-poza-rica"},"nelio_content":{"isAutoShareEnabled":true,"autoShareEndMode":"never","automationSources":{"useCustomSentences":false,"customSentences":[]},"followers":[],"suggestedReferences":[],"efiUrl":"","efiAlt":"","highlights":[],"permalinkQueryArgs":[],"series":[]},"_links":{"self":[{"href":"https:\/\/www.enteratever.com\/2023\/wp-json\/wp\/v2\/posts\/156628","targetHints":{"allow":["GET"]}}],"collection":[{"href":"https:\/\/www.enteratever.com\/2023\/wp-json\/wp\/v2\/posts"}],"about":[{"href":"https:\/\/www.enteratever.com\/2023\/wp-json\/wp\/v2\/types\/post"}],"author":[{"embeddable":true,"href":"https:\/\/www.enteratever.com\/2023\/wp-json\/wp\/v2\/users\/2"}],"replies":[{"embeddable":true,"href":"https:\/\/www.enteratever.com\/2023\/wp-json\/wp\/v2\/comments?post=156628"}],"version-history":[{"count":1,"href":"https:\/\/www.enteratever.com\/2023\/wp-json\/wp\/v2\/posts\/156628\/revisions"}],"predecessor-version":[{"id":161494,"href":"https:\/\/www.enteratever.com\/2023\/wp-json\/wp\/v2\/posts\/156628\/revisions\/161494"}],"wp:featuredmedia":[{"embeddable":true,"href":"https:\/\/www.enteratever.com\/2023\/wp-json\/wp\/v2\/media\/156629"}],"wp:attachment":[{"href":"https:\/\/www.enteratever.com\/2023\/wp-json\/wp\/v2\/media?parent=156628"}],"wp:term":[{"taxonomy":"category","embeddable":true,"href":"https:\/\/www.enteratever.com\/2023\/wp-json\/wp\/v2\/categories?post=156628"},{"taxonomy":"post_tag","embeddable":true,"href":"https:\/\/www.enteratever.com\/2023\/wp-json\/wp\/v2\/tags?post=156628"}],"curies":[{"name":"wp","href":"https:\/\/api.w.org\/{rel}","templated":true}]}}