{"id":156612,"date":"2016-09-20T14:05:39","date_gmt":"2016-09-20T14:05:39","guid":{"rendered":"https:\/\/www.enteratever.com\/2023\/lamenta-arquidiocesis-de-xalapa-el-asesinato-de-dos-sacerdotes-de-poza-rica\/"},"modified":"2023-01-28T16:33:44","modified_gmt":"2023-01-28T16:33:44","slug":"lamenta-arquidiocesis-de-xalapa-el-asesinato-de-dos-sacerdotes-de-poza-rica","status":"publish","type":"post","link":"https:\/\/www.enteratever.com\/2023\/2016\/09\/20\/lamenta-arquidiocesis-de-xalapa-el-asesinato-de-dos-sacerdotes-de-poza-rica\/","title":{"rendered":"Lamenta Arquidi\u00f3cesis de Xalapa el asesinato de dos sacerdotes de Poza Rica"},"content":{"rendered":"<p>Visitas: 1<\/p><p style=\"text-align: justify;\">Mediante un comunicado, la Arquidi\u00f3cesis de Xalapa lament\u00f3 el secuestro y asesinato de los sacerdotes Alejo Nabor Jim\u00e9nez Ju\u00e1rez y Jos\u00e9 Alfredo Su\u00e1rez de la Cruz perpetrado este lunes.<\/p>\n<p style=\"text-align: justify;\">Los presb\u00edteros fueron sacados de la Iglesia de Nuestra Se\u00f1ora de F\u00e1tima por un grupo de hombres armados. Los llevaron a un paraje ubicado en la carretera Poza Rica-Papantla y ah\u00ed les dieron muerte.<\/p>\n<p style=\"text-align: justify;\">La Arquidi\u00f3cesis de Xalapa lament\u00f3 los hechos y se pronunci\u00f3 porque \u201cla Di\u00f3cesis de Papantla encuentre en Cristo la paz y la serenidad que le ha sido robada\u201d.<\/p>\n<p style=\"text-align: justify;\"><strong>A continuaci\u00f3n, el comunicado de la Arquidi\u00f3cesis:<\/strong><\/p>\n<p style=\"text-align: justify;\">\u201cLa Arquidi\u00f3cesis de Xalapa, presidida por su pastor, Arz. Mons. Hip\u00f3lito Reyes Larios, su obispo auxiliar, Mons. Jos\u00e9 Rafael Palma Capetillo y su Arz. Em\u00e9rito. Mons. Sergio Obeso Rivera lamenta profundamente el secuestro y asesinato de los sacerdotes Alejo Nabor Jim\u00e9nez Ju\u00e1rez y Jos\u00e9 Alfredo Su\u00e1rez de la Cruz, y expresa sus condolencias a sus familiares, a la di\u00f3cesis hermana de Papantla y a los se\u00f1ores obispos, Mons. Jos\u00e9 Trinidad Zapata Ortiz y su obispo em\u00e9rito Mons. Lorenzo C\u00e1rdenas Aregull\u00edn.<\/p>\n<p style=\"text-align: justify;\">Al tiempo que ora para que estos hermanos presb\u00edteros sean recibidos con misericordia en la casa del Padre para que contemplen eternamente su rostro.<\/p>\n<p style=\"text-align: justify;\">Oramos adem\u00e1s para que nuestra provincia, en especial la di\u00f3cesis de Papantla encuentre en Cristo la paz y la serenidad que le ha sido robada.<\/p>\n<p style=\"text-align: justify;\">Que por la misericordia de Dios, las almas de los fieles difuntos en especial, la de nuestros hermanos Pbros. Alejo Nabor y Jos\u00e9 Alfredo descansen en paz.<\/p>\n<p style=\"text-align: justify;\">Pbro. Jos\u00e9 Manuel Suazo Reyes<br \/>\nDirector<br \/>\nOficina de Comunicaci\u00f3n Social<br \/>\nArquidi\u00f3cesis de Xalapa\u201d.<\/p>\n","protected":false},"excerpt":{"rendered":"<p>Visitas: 1Mediante un comunicado, la Arquidi\u00f3cesis de Xalapa lament\u00f3 el secuestro y asesinato de los sacerdotes Alejo Nabor Jim\u00e9nez Ju\u00e1rez y Jos\u00e9 Alfredo Su\u00e1rez de la Cruz perpetrado este lunes. Los presb\u00edteros fueron sacados de la Iglesia de Nuestra Se\u00f1ora de F\u00e1tima por un grupo de hombres armados. Los llevaron a un paraje ubicado en [&hellip;]<\/p>\n","protected":false},"author":2,"featured_media":156613,"comment_status":"open","ping_status":"open","sticky":false,"template":"","format":"standard","meta":{"footnotes":""},"categories":[213],"tags":[],"class_list":{"0":"post-156612","1":"post","2":"type-post","3":"status-publish","4":"format-standard","5":"has-post-thumbnail","7":"category-poza-rica"},"nelio_content":{"isAutoShareEnabled":true,"autoShareEndMode":"never","automationSources":{"useCustomSentences":false,"customSentences":[]},"followers":[],"suggestedReferences":[],"efiUrl":"","efiAlt":"","highlights":[],"permalinkQueryArgs":[],"series":[]},"_links":{"self":[{"href":"https:\/\/www.enteratever.com\/2023\/wp-json\/wp\/v2\/posts\/156612","targetHints":{"allow":["GET"]}}],"collection":[{"href":"https:\/\/www.enteratever.com\/2023\/wp-json\/wp\/v2\/posts"}],"about":[{"href":"https:\/\/www.enteratever.com\/2023\/wp-json\/wp\/v2\/types\/post"}],"author":[{"embeddable":true,"href":"https:\/\/www.enteratever.com\/2023\/wp-json\/wp\/v2\/users\/2"}],"replies":[{"embeddable":true,"href":"https:\/\/www.enteratever.com\/2023\/wp-json\/wp\/v2\/comments?post=156612"}],"version-history":[{"count":1,"href":"https:\/\/www.enteratever.com\/2023\/wp-json\/wp\/v2\/posts\/156612\/revisions"}],"predecessor-version":[{"id":161502,"href":"https:\/\/www.enteratever.com\/2023\/wp-json\/wp\/v2\/posts\/156612\/revisions\/161502"}],"wp:featuredmedia":[{"embeddable":true,"href":"https:\/\/www.enteratever.com\/2023\/wp-json\/wp\/v2\/media\/156613"}],"wp:attachment":[{"href":"https:\/\/www.enteratever.com\/2023\/wp-json\/wp\/v2\/media?parent=156612"}],"wp:term":[{"taxonomy":"category","embeddable":true,"href":"https:\/\/www.enteratever.com\/2023\/wp-json\/wp\/v2\/categories?post=156612"},{"taxonomy":"post_tag","embeddable":true,"href":"https:\/\/www.enteratever.com\/2023\/wp-json\/wp\/v2\/tags?post=156612"}],"curies":[{"name":"wp","href":"https:\/\/api.w.org\/{rel}","templated":true}]}}