{"id":156552,"date":"2016-09-10T00:36:14","date_gmt":"2016-09-10T00:36:14","guid":{"rendered":"https:\/\/www.enteratever.com\/2023\/inicio-consulta-en-poza-rica-uv-respalda-y-recibe-a-la-ciudadania-vicerrector\/"},"modified":"2023-01-28T16:33:55","modified_gmt":"2023-01-28T16:33:55","slug":"inicio-consulta-en-poza-rica-uv-respalda-y-recibe-a-la-ciudadania-vicerrector","status":"publish","type":"post","link":"https:\/\/www.enteratever.com\/2023\/2016\/09\/10\/inicio-consulta-en-poza-rica-uv-respalda-y-recibe-a-la-ciudadania-vicerrector\/","title":{"rendered":"Inici\u00f3 Consulta en Poza Rica; UV respalda y recibe a la ciudadan\u00eda: Vicerrector"},"content":{"rendered":"<p>Visitas: 0<\/p><p style=\"text-align: justify;\">La cuarta etapa de los Foros de Consulta Ciudadana para el Plan Veracruzano de Desarrollo (PVD) 2016-2018 inici\u00f3 el viernes 9 de septiembre en la regi\u00f3n Poza Rica-Tuxpan de la Universidad Veracruzana (UV) con una ceremonia de inauguraci\u00f3n en la que el vicerrector Jos\u00e9 Luis Alan\u00eds M\u00e9ndez reafirm\u00f3 la posici\u00f3n universitaria ante esta iniciativa.<\/p>\n<p style=\"text-align: justify;\">\u201cLas puertas de la UV est\u00e1n abiertas para todos quienes miran por el bienestar de Veracruz y respalda a todos quienes defienden los valores universales, los valores universitarios\u201d, dijo frente a mun\u00edcipes, legisladores, acad\u00e9micos, estudiantes y directivos de esta casa de estudio.<\/p>\n<p style=\"text-align: justify;\">Alan\u00eds M\u00e9ndez se\u00f1al\u00f3 que la celebraci\u00f3n de los foros constituye \u201cel momento de la ciudadan\u00eda\u201d y representa un alto sentido de pertenencia para todos los que aqu\u00ed participan. A\u00f1adi\u00f3 que la Universidad es consciente de ser depositaria de la confianza m\u00e1s valiosa: la de escuchar y compilar las manifestaciones de la sociedad veracruzana.<\/p>\n<p style=\"text-align: justify;\">\u00cdndira Rosales San Rom\u00e1n, en representaci\u00f3n del gobernador electo de Veracruz, Miguel \u00c1ngel Yunes Linares, insisti\u00f3 en que los veracruzanos deben estar orgullosos de la UV toda que vez que \u00e9sta influye positivamente en el desarrollo del estado.<\/p>\n<p style=\"text-align: justify;\">Amaranta Copal Torres, consejera alumna de la Facultad de Psicolog\u00eda, destac\u00f3 que \u201cla esperanza por un Veracruz mejor es lo que nos re\u00fane aqu\u00ed\u201d y destac\u00f3 el aporte de la m\u00e1xima casa de estudio con una educaci\u00f3n de calidad, \u201csomos una comunidad cr\u00edtica y participativa\u201d, asever\u00f3.<\/p>\n<p style=\"text-align: justify;\">Con los Foros de Consulta Ciudadana, puntualiz\u00f3, la UV ha sentado las bases de identificaci\u00f3n con la sociedad, \u201cnos unimos al compromiso de superar retos, somos j\u00f3venes que decimos lo que pensamos y nos sumamos a las propuestas de la sociedad\u201d.<\/p>\n<p style=\"text-align: justify;\">A continuaci\u00f3n inici\u00f3 la mesa con el tema \u201cEstado de derecho y seguridad ciudadana\u201d, fungiendo como moderador el acad\u00e9mico Ildefonso Christlieb Grayeb y como relatores los profesores Mireya Cruz Ruiz y Eduardo Morato Reyes, en la que se present\u00f3 Carlos Barrag\u00e1n P\u00e9rez, quien propuso la creaci\u00f3n de un Centro de Readaptaci\u00f3n Social (Cereso) en la regi\u00f3n, que sustituya a la c\u00e1rcel municipal; Sans\u00f3n Barra De la Cruz propuso la instalaci\u00f3n de botones de p\u00e1nico y atenci\u00f3n tur\u00edstica en la ciudad, y Olga Lidia Rinc\u00f3n L\u00f3pez denunci\u00f3 la violaci\u00f3n a los derechos humanos de los trabajadores cesados de la polic\u00eda municipal, quienes no han recibido liquidaci\u00f3n desde hace un a\u00f1o.<\/p>\n<p style=\"text-align: justify;\">Adela Elizabeth Morales M\u00e9ndez mencion\u00f3 la importancia de atender los problemas de la trata de personas y feminicidios que se han incrementado en la entidad, particularmente en la regi\u00f3n \u201creforzando el estado de derecho con un sistema de justicia eficaz y eficiente\u201d.<\/p>\n<p style=\"text-align: justify;\">En ese sentido, Luis Daniel Lagunes Marino propuso la creaci\u00f3n de una comisi\u00f3n de la verdad para atender las desapariciones en Veracruz, donde precis\u00f3 que cifras oficiales registran 950 personas desaparecidas, 51 son desapariciones forzadas y la presencia de 17 fosas clandestinas.<\/p>\n<p style=\"text-align: justify;\">Los foros continuar\u00e1n el s\u00e1bado 10, en punto de las 9:00 horas y su transmisi\u00f3n puede seguirse en tiempo real desde el sitio de Tele UV: www.uv.mx\/television.<\/p>\n","protected":false},"excerpt":{"rendered":"<p>Visitas: 0La cuarta etapa de los Foros de Consulta Ciudadana para el Plan Veracruzano de Desarrollo (PVD) 2016-2018 inici\u00f3 el viernes 9 de septiembre en la regi\u00f3n Poza Rica-Tuxpan de la Universidad Veracruzana (UV) con una ceremonia de inauguraci\u00f3n en la que el vicerrector Jos\u00e9 Luis Alan\u00eds M\u00e9ndez reafirm\u00f3 la posici\u00f3n universitaria ante esta iniciativa. [&hellip;]<\/p>\n","protected":false},"author":2,"featured_media":156553,"comment_status":"open","ping_status":"open","sticky":false,"template":"","format":"standard","meta":{"footnotes":""},"categories":[213],"tags":[],"class_list":{"0":"post-156552","1":"post","2":"type-post","3":"status-publish","4":"format-standard","5":"has-post-thumbnail","7":"category-poza-rica"},"nelio_content":{"isAutoShareEnabled":true,"autoShareEndMode":"never","automationSources":{"useCustomSentences":false,"customSentences":[]},"followers":[],"suggestedReferences":[],"efiUrl":"","efiAlt":"","highlights":[],"permalinkQueryArgs":[],"series":[]},"_links":{"self":[{"href":"https:\/\/www.enteratever.com\/2023\/wp-json\/wp\/v2\/posts\/156552","targetHints":{"allow":["GET"]}}],"collection":[{"href":"https:\/\/www.enteratever.com\/2023\/wp-json\/wp\/v2\/posts"}],"about":[{"href":"https:\/\/www.enteratever.com\/2023\/wp-json\/wp\/v2\/types\/post"}],"author":[{"embeddable":true,"href":"https:\/\/www.enteratever.com\/2023\/wp-json\/wp\/v2\/users\/2"}],"replies":[{"embeddable":true,"href":"https:\/\/www.enteratever.com\/2023\/wp-json\/wp\/v2\/comments?post=156552"}],"version-history":[{"count":1,"href":"https:\/\/www.enteratever.com\/2023\/wp-json\/wp\/v2\/posts\/156552\/revisions"}],"predecessor-version":[{"id":161532,"href":"https:\/\/www.enteratever.com\/2023\/wp-json\/wp\/v2\/posts\/156552\/revisions\/161532"}],"wp:featuredmedia":[{"embeddable":true,"href":"https:\/\/www.enteratever.com\/2023\/wp-json\/wp\/v2\/media\/156553"}],"wp:attachment":[{"href":"https:\/\/www.enteratever.com\/2023\/wp-json\/wp\/v2\/media?parent=156552"}],"wp:term":[{"taxonomy":"category","embeddable":true,"href":"https:\/\/www.enteratever.com\/2023\/wp-json\/wp\/v2\/categories?post=156552"},{"taxonomy":"post_tag","embeddable":true,"href":"https:\/\/www.enteratever.com\/2023\/wp-json\/wp\/v2\/tags?post=156552"}],"curies":[{"name":"wp","href":"https:\/\/api.w.org\/{rel}","templated":true}]}}