{"id":156428,"date":"2016-08-22T14:21:30","date_gmt":"2016-08-22T14:21:30","guid":{"rendered":"https:\/\/www.enteratever.com\/2023\/locatarios-pediran-que-se-amplien-los-dias-sin-ambulantes-en-el-centro-de-la-ciudad\/"},"modified":"2023-01-28T16:34:05","modified_gmt":"2023-01-28T16:34:05","slug":"locatarios-pediran-que-se-amplien-los-dias-sin-ambulantes-en-el-centro-de-la-ciudad","status":"publish","type":"post","link":"https:\/\/www.enteratever.com\/2023\/2016\/08\/22\/locatarios-pediran-que-se-amplien-los-dias-sin-ambulantes-en-el-centro-de-la-ciudad\/","title":{"rendered":"Locatarios pedir\u00e1n que se ampl\u00eden los d\u00edas sin ambulantes en el centro de la ciudad"},"content":{"rendered":"<p>Visitas: 0<\/p>\n<p dir=\"ltr\" style=\"text-align: justify;\">Comerciante del \u00abMercado Poza Rica\u00bb enviar\u00e1n solicitud al Ayuntamiento para pedir que se ampl\u00eden a dos d\u00eda o m\u00e1s el programa \u00bb Un d\u00eda sin comerciante ambulantes el centro de la ciudad\u00bb, esto con el objetivo de mejorar la imagen de la ciudad y que se incrementen las ventas de los establecidos.<\/p>\n<p dir=\"ltr\" style=\"text-align: justify;\">Marcela\u00a0Vicencio\u00a0Galindo, Secretaria del Interior de la Uni\u00f3n de Comerciantes destac\u00f3 que le ha beneficiado mucho el programa implementado por el \u00e1rea de comercio ya que han visto un repunte en sus ventas.<\/p>\n<p dir=\"ltr\" style=\"text-align: justify;\">Por lo anterior, se\u00f1al\u00f3 que pedir\u00e1 de manera formal que no s\u00f3lo sea un d\u00eda en que se liberen las principales arterias del centro de la ciudad sino que sean dos o m\u00e1s d\u00edas.<\/p>\n<p dir=\"ltr\" style=\"text-align: justify;\">\u00abEstamos pidiendo que ojal\u00e1 fueran dos o tres d\u00edas a la semana para que incrementar\u00e1n los ingresos en el Mercado Poza Rica\u00bb agreg\u00f3.<\/p>\n<p dir=\"ltr\" style=\"text-align: justify;\">Subray\u00f3 que ya han platicado con las autoridades sobre esta solicitud pero ahora lo har\u00e1n por escrito. Enfatiz\u00f3 que est\u00e1n en la mejor disposici\u00f3n de dialogar tanto con los funcionarios como con los ambulantes.<\/p>\n<p dir=\"ltr\" style=\"text-align: justify;\">La representante de los locatarios a\u00f1adi\u00f3 que est\u00e1n consientes que los vendedores informales tienen la necesidad de vender y m\u00e1s ahora que el comercio es el que rige la econom\u00eda de la ciudad, por lo que no se pretende perjudicarlos.<\/p>\n<p dir=\"ltr\" style=\"text-align: justify;\">\u00abNo queremos perjudicarlos, pero si invitarlos a que se hagan programa atractivo para que ellos tambi\u00e9n se vean beneficiados\u00bb sostuvo.<\/p>\n<p dir=\"ltr\" style=\"text-align: justify;\">Mencion\u00f3 que los d\u00edas jueves \u00abEl d\u00eda sin ambulantes en el centro de la ciudad\u00bb cuando los comerciante informales invaden \u00e1reas del mercado para continuar vendiendo su productos, por lo que tambi\u00e9n se pedir\u00e1 a las autoridades para que supervisen los pasillos y \u00e1reas aleda\u00f1as al mercado para evitar esta situaci\u00f3n.<\/p>\n<p dir=\"ltr\" style=\"text-align: justify;\">As\u00ed mismo, subray\u00f3 que existen comerciantes establecidos que invaden los pasillos con mercanc\u00eda, por lo que tambi\u00e9n se pedir\u00e1 que los despejen para que exista un mejor tr\u00e1nsito para los peatones, recalc\u00f3 que los comerciantes fijos tambi\u00e9n deben cooperar en mejorar la imagen de la ciudad.<\/p>\n","protected":false},"excerpt":{"rendered":"<p>Visitas: 0Comerciante del \u00abMercado Poza Rica\u00bb enviar\u00e1n solicitud al Ayuntamiento para pedir que se ampl\u00eden a dos d\u00eda o m\u00e1s el programa \u00bb Un d\u00eda sin comerciante ambulantes el centro de la ciudad\u00bb, esto con el objetivo de mejorar la imagen de la ciudad y que se incrementen las ventas de los establecidos. Marcela\u00a0Vicencio\u00a0Galindo, Secretaria [&hellip;]<\/p>\n","protected":false},"author":2,"featured_media":156429,"comment_status":"open","ping_status":"open","sticky":false,"template":"","format":"standard","meta":{"footnotes":""},"categories":[213],"tags":[],"class_list":{"0":"post-156428","1":"post","2":"type-post","3":"status-publish","4":"format-standard","5":"has-post-thumbnail","7":"category-poza-rica"},"nelio_content":{"isAutoShareEnabled":true,"autoShareEndMode":"never","automationSources":{"useCustomSentences":false,"customSentences":[]},"followers":[],"suggestedReferences":[],"efiUrl":"","efiAlt":"","highlights":[],"permalinkQueryArgs":[],"series":[]},"_links":{"self":[{"href":"https:\/\/www.enteratever.com\/2023\/wp-json\/wp\/v2\/posts\/156428","targetHints":{"allow":["GET"]}}],"collection":[{"href":"https:\/\/www.enteratever.com\/2023\/wp-json\/wp\/v2\/posts"}],"about":[{"href":"https:\/\/www.enteratever.com\/2023\/wp-json\/wp\/v2\/types\/post"}],"author":[{"embeddable":true,"href":"https:\/\/www.enteratever.com\/2023\/wp-json\/wp\/v2\/users\/2"}],"replies":[{"embeddable":true,"href":"https:\/\/www.enteratever.com\/2023\/wp-json\/wp\/v2\/comments?post=156428"}],"version-history":[{"count":1,"href":"https:\/\/www.enteratever.com\/2023\/wp-json\/wp\/v2\/posts\/156428\/revisions"}],"predecessor-version":[{"id":161594,"href":"https:\/\/www.enteratever.com\/2023\/wp-json\/wp\/v2\/posts\/156428\/revisions\/161594"}],"wp:featuredmedia":[{"embeddable":true,"href":"https:\/\/www.enteratever.com\/2023\/wp-json\/wp\/v2\/media\/156429"}],"wp:attachment":[{"href":"https:\/\/www.enteratever.com\/2023\/wp-json\/wp\/v2\/media?parent=156428"}],"wp:term":[{"taxonomy":"category","embeddable":true,"href":"https:\/\/www.enteratever.com\/2023\/wp-json\/wp\/v2\/categories?post=156428"},{"taxonomy":"post_tag","embeddable":true,"href":"https:\/\/www.enteratever.com\/2023\/wp-json\/wp\/v2\/tags?post=156428"}],"curies":[{"name":"wp","href":"https:\/\/api.w.org\/{rel}","templated":true}]}}