{"id":156426,"date":"2016-08-22T14:18:36","date_gmt":"2016-08-22T14:18:36","guid":{"rendered":"https:\/\/www.enteratever.com\/2023\/se-acabaron-las-vacaciones-165-mil-estudiantes-regresan-a-las-aulas-en-la-zona-norte\/"},"modified":"2023-01-28T16:34:05","modified_gmt":"2023-01-28T16:34:05","slug":"se-acabaron-las-vacaciones-165-mil-estudiantes-regresan-a-las-aulas-en-la-zona-norte","status":"publish","type":"post","link":"https:\/\/www.enteratever.com\/2023\/2016\/08\/22\/se-acabaron-las-vacaciones-165-mil-estudiantes-regresan-a-las-aulas-en-la-zona-norte\/","title":{"rendered":"Se acabaron las vacaciones, 165 mil estudiantes regresan a las aulas en la zona norte"},"content":{"rendered":"<p>Visitas: 0<\/p>\n<p style=\"text-align: justify;\">Este lunes 22 de agosto regresan a clases 165 mil 170 alumnos de nivel b\u00e1sico de la zona norte de la entidad veracruzana, quienes despu\u00e9s de un mes de vacaciones retornan a las aulas.<\/p>\n<p style=\"text-align: justify;\">A nivel estatal son un mill\u00f3n 617 mil 457 estudiantes del nivel b\u00e1sico, quienes iniciaran el ciclo escolar, tal y como se encuentra marcado en el calendario Escolar de la Secretar\u00eda de Educaci\u00f3n P\u00fablica (SEP).<\/p>\n<p style=\"text-align: justify;\">Fueron un total de 33 d\u00edas los estudiantes se olvidaron de la tarea, libros y levantarse temprano, y este lunes inician un nuevo ciclo escolar, un total de 165 mil alumnos de Preescolar, Primaria, Secundaria y Bachillerato, junto con 799 directivos y 9 mil 267 docentes de mil 769 escuelas de los 14 municipios que comprende la delegaci\u00f3n regional.<\/p>\n<p style=\"text-align: justify;\">Ante el pr\u00f3ximo regreso a clases el personal de las instituciones educativas dan mantenimiento las escuelas de la Poza Rica, para iniciar con el pie derecho el ciclo escolar 2016-2017. Los planteles educativos ya se encuentran ya est\u00e1n listos para el siguiente ciclo escolar para recibir a los educando que pasan de a\u00f1o y a los estudiantes de nuevo ingreso.<\/p>\n<p style=\"text-align: justify;\">De acuerdo al calendario que fue elegido por los comit\u00e9s de padres de familia y las instituciones el nuevo ciclo escolar constar\u00e1 de 200 d\u00edas h\u00e1biles, el inicio de clases es el 22 de agosto y concluye en 21 de julio del 2017.<\/p>\n<p style=\"text-align: justify;\">Es importante se\u00f1alar que los padres de familia se prepararon con varios d\u00edas de anticipaci\u00f3n, algunos surtieron la lista de \u00fatiles escolares, compraron uniforme, mochila y todos los necesario para que sus peque\u00f1o pueda regresar a la escuela.<\/p>\n","protected":false},"excerpt":{"rendered":"<p>Visitas: 0Este lunes 22 de agosto regresan a clases 165 mil 170 alumnos de nivel b\u00e1sico de la zona norte de la entidad veracruzana, quienes despu\u00e9s de un mes de vacaciones retornan a las aulas. A nivel estatal son un mill\u00f3n 617 mil 457 estudiantes del nivel b\u00e1sico, quienes iniciaran el ciclo escolar, tal y [&hellip;]<\/p>\n","protected":false},"author":2,"featured_media":156427,"comment_status":"open","ping_status":"open","sticky":false,"template":"","format":"standard","meta":{"footnotes":""},"categories":[213],"tags":[],"class_list":{"0":"post-156426","1":"post","2":"type-post","3":"status-publish","4":"format-standard","5":"has-post-thumbnail","7":"category-poza-rica"},"nelio_content":{"isAutoShareEnabled":true,"autoShareEndMode":"never","automationSources":{"useCustomSentences":false,"customSentences":[]},"followers":[],"suggestedReferences":[],"efiUrl":"","efiAlt":"","highlights":[],"permalinkQueryArgs":[],"series":[]},"_links":{"self":[{"href":"https:\/\/www.enteratever.com\/2023\/wp-json\/wp\/v2\/posts\/156426","targetHints":{"allow":["GET"]}}],"collection":[{"href":"https:\/\/www.enteratever.com\/2023\/wp-json\/wp\/v2\/posts"}],"about":[{"href":"https:\/\/www.enteratever.com\/2023\/wp-json\/wp\/v2\/types\/post"}],"author":[{"embeddable":true,"href":"https:\/\/www.enteratever.com\/2023\/wp-json\/wp\/v2\/users\/2"}],"replies":[{"embeddable":true,"href":"https:\/\/www.enteratever.com\/2023\/wp-json\/wp\/v2\/comments?post=156426"}],"version-history":[{"count":1,"href":"https:\/\/www.enteratever.com\/2023\/wp-json\/wp\/v2\/posts\/156426\/revisions"}],"predecessor-version":[{"id":161595,"href":"https:\/\/www.enteratever.com\/2023\/wp-json\/wp\/v2\/posts\/156426\/revisions\/161595"}],"wp:featuredmedia":[{"embeddable":true,"href":"https:\/\/www.enteratever.com\/2023\/wp-json\/wp\/v2\/media\/156427"}],"wp:attachment":[{"href":"https:\/\/www.enteratever.com\/2023\/wp-json\/wp\/v2\/media?parent=156426"}],"wp:term":[{"taxonomy":"category","embeddable":true,"href":"https:\/\/www.enteratever.com\/2023\/wp-json\/wp\/v2\/categories?post=156426"},{"taxonomy":"post_tag","embeddable":true,"href":"https:\/\/www.enteratever.com\/2023\/wp-json\/wp\/v2\/tags?post=156426"}],"curies":[{"name":"wp","href":"https:\/\/api.w.org\/{rel}","templated":true}]}}