{"id":156424,"date":"2016-08-20T00:00:56","date_gmt":"2016-08-20T00:00:56","guid":{"rendered":"https:\/\/www.enteratever.com\/2023\/activistas-buscan-incorporar-la-materia-de-la-paz-en-universidades\/"},"modified":"2023-01-28T16:34:05","modified_gmt":"2023-01-28T16:34:05","slug":"activistas-buscan-incorporar-la-materia-de-la-paz-en-universidades","status":"publish","type":"post","link":"https:\/\/www.enteratever.com\/2023\/2016\/08\/20\/activistas-buscan-incorporar-la-materia-de-la-paz-en-universidades\/","title":{"rendered":"Activistas buscan incorporar la materia de la Paz en universidades"},"content":{"rendered":"<p>Visitas: 0<\/p><p style=\"text-align: justify;\">Los activistas de la embajada mundial de activistas por la paz, buscar\u00e1n la aprobaci\u00f3n del Congreso de la Uni\u00f3n para incorporar como parte de la formaci\u00f3n universitaria una materia por la Paz, revel\u00f3 Mauro\u00a0Sosme Castillo, Coordinador Regional de la zona norte del estado de Veracruz, de la embajada.<\/p>\n<p style=\"text-align: justify;\">En el mes de octubre, se realizar\u00e1 la alianza universitaria por la Paz (ALIUP), la cual consiste en motivar a los j\u00f3venes, directivos y maestros para que se avalen la Ley que la embajada enviar\u00e1 al Congreso de la Uni\u00f3n para que la Secretar\u00eda de Educaci\u00f3n P\u00fablica (SEP) apruebe la materia de la \u00abPaz\u00bb.<\/p>\n<p style=\"text-align: justify;\">El objetivo de esta materia ser\u00e1 mejorar la calidad humana de los educandos, y para que sepan que si no existe Paz no podr\u00e1 haber felicidad a causa de tanta violencia e inseguridad, subray\u00f3 que es necesario que se tenga una mayor cultura en este tipo de temas.<\/p>\n<p style=\"text-align: justify;\">La iniciativa ser\u00e1 presentada al Congreso una vez que las universidades den su aprobaci\u00f3n, en la entidad de buscar\u00e1 por lo menos m\u00e1s de 100 estudiantes que la avalen y se pretende captar el mayor n\u00famero de universidades de la regi\u00f3n de los municipios como: Poza Rica, Tuxpan, Papantla entre otros.<\/p>\n<p style=\"text-align: justify;\">La materia se propone para el nivel universitario debido a que es en este nivel educativo cuando las personas ya son considerados como adultos y tienen una mayor madurez, lo que ayudar\u00e1 a que entiendan la importancia de la materia en los planes de estudio.<\/p>\n<p style=\"text-align: justify;\">Destac\u00f3 que en M\u00e9xico ya tienen convenios con universidades como: Universidad Aut\u00f3noma de Chihuahua, Nuevo Le\u00f3n y Guanajuato y est\u00e1 en puerta que se firme un convenio con la Universidad Aut\u00f3noma de M\u00e9xico, mismas que forman parte de ALIUP en M\u00e9xico.<\/p>\n<p style=\"text-align: justify;\">El objetivo de estos convenios es crear acciones para el fortalecimiento de los valores universales y el reconocimiento de la dignidad del ser humano, con el prop\u00f3sito de fomentar espacios para el entendimiento entre personas de diferentes culturas, nacionalidades y creencias.<\/p>\n<p style=\"text-align: justify;\">El proyecto se realiza tambi\u00e9n a nivel internacional, otros pa\u00edses tambi\u00e9n est\u00e1n trabajando en esta propuesta tales como: Paraguay, Venezuela, Colombia, Brasil y Estados Unidos.<\/p>\n<p style=\"text-align: justify;\">\n","protected":false},"excerpt":{"rendered":"<p>Visitas: 0Los activistas de la embajada mundial de activistas por la paz, buscar\u00e1n la aprobaci\u00f3n del Congreso de la Uni\u00f3n para incorporar como parte de la formaci\u00f3n universitaria una materia por la Paz, revel\u00f3 Mauro\u00a0Sosme Castillo, Coordinador Regional de la zona norte del estado de Veracruz, de la embajada. En el mes de octubre, se [&hellip;]<\/p>\n","protected":false},"author":2,"featured_media":156425,"comment_status":"open","ping_status":"open","sticky":false,"template":"","format":"standard","meta":{"footnotes":""},"categories":[213],"tags":[],"class_list":{"0":"post-156424","1":"post","2":"type-post","3":"status-publish","4":"format-standard","5":"has-post-thumbnail","7":"category-poza-rica"},"nelio_content":{"isAutoShareEnabled":true,"autoShareEndMode":"never","automationSources":{"useCustomSentences":false,"customSentences":[]},"followers":[],"suggestedReferences":[],"efiUrl":"","efiAlt":"","highlights":[],"permalinkQueryArgs":[],"series":[]},"_links":{"self":[{"href":"https:\/\/www.enteratever.com\/2023\/wp-json\/wp\/v2\/posts\/156424","targetHints":{"allow":["GET"]}}],"collection":[{"href":"https:\/\/www.enteratever.com\/2023\/wp-json\/wp\/v2\/posts"}],"about":[{"href":"https:\/\/www.enteratever.com\/2023\/wp-json\/wp\/v2\/types\/post"}],"author":[{"embeddable":true,"href":"https:\/\/www.enteratever.com\/2023\/wp-json\/wp\/v2\/users\/2"}],"replies":[{"embeddable":true,"href":"https:\/\/www.enteratever.com\/2023\/wp-json\/wp\/v2\/comments?post=156424"}],"version-history":[{"count":1,"href":"https:\/\/www.enteratever.com\/2023\/wp-json\/wp\/v2\/posts\/156424\/revisions"}],"predecessor-version":[{"id":161596,"href":"https:\/\/www.enteratever.com\/2023\/wp-json\/wp\/v2\/posts\/156424\/revisions\/161596"}],"wp:featuredmedia":[{"embeddable":true,"href":"https:\/\/www.enteratever.com\/2023\/wp-json\/wp\/v2\/media\/156425"}],"wp:attachment":[{"href":"https:\/\/www.enteratever.com\/2023\/wp-json\/wp\/v2\/media?parent=156424"}],"wp:term":[{"taxonomy":"category","embeddable":true,"href":"https:\/\/www.enteratever.com\/2023\/wp-json\/wp\/v2\/categories?post=156424"},{"taxonomy":"post_tag","embeddable":true,"href":"https:\/\/www.enteratever.com\/2023\/wp-json\/wp\/v2\/tags?post=156424"}],"curies":[{"name":"wp","href":"https:\/\/api.w.org\/{rel}","templated":true}]}}