{"id":156422,"date":"2016-08-19T23:00:57","date_gmt":"2016-08-19T23:00:57","guid":{"rendered":"https:\/\/www.enteratever.com\/2023\/comerciantes-imploran-la-llegada-de-la-gendarmeria-nacional-para-poza-rica\/"},"modified":"2023-01-28T16:34:06","modified_gmt":"2023-01-28T16:34:06","slug":"comerciantes-imploran-la-llegada-de-la-gendarmeria-nacional-para-poza-rica","status":"publish","type":"post","link":"https:\/\/www.enteratever.com\/2023\/2016\/08\/19\/comerciantes-imploran-la-llegada-de-la-gendarmeria-nacional-para-poza-rica\/","title":{"rendered":"Comerciantes imploran la llegada de la Gendarmer\u00eda Nacional para Poza Rica"},"content":{"rendered":"<p>Visitas: 0<\/p><p style=\"text-align: justify;\">Bodegueros de la Central de Abastos del Sur de la Huasteca solicitan de manera urgente el arribo de la Gendarmer\u00eda Nacional a la ciudad ya que consideran es urgente que se termine esta ola de violencia que se vive en la zona norte de la entidad Veracruzana.<\/p>\n<p style=\"text-align: justify;\">Javier Zarate Trejo, Vicepresidente de Central de Abastos, destac\u00f3 la ola de violencia que existe en la ciudad se puede ver en los asaltos a casa habitaci\u00f3n, comercios y a los transe\u00fantes, adem\u00e1s de los secuestros que se registran y las llamadas de extorci\u00f3n, situaci\u00f3n que se\u00f1al\u00f3 flagela al pueblo de Poza Rica.<\/p>\n<p style=\"text-align: justify;\">Los bodegueros de la ciudad sostuvieron una reuni\u00f3n este viernes con Sergio Lorenzo Quiroz Cruz, Presidente de Poza Rica, en donde le hicieron entrega de una lista de peticiones sobre las problem\u00e1ticas que existen en la ciudad, en la cual tambi\u00e9n se plasmaron las propuestas que ellos dan y que podr\u00edan ser las posibles soluciones.<\/p>\n<p style=\"text-align: justify;\">Lo anterior, luego de la marcha por la paz que realizaron meses atr\u00e1s, entre los puntos abordados destacan el de la seguridad para lo cual solicitan la intervenci\u00f3n de la Gendarmer\u00eda Nacional \u00abUno de los m\u00e1s importantes es trabajar de la mano para seguir pugnando para solicitar la entrada de la Gendarmer\u00eda a Poza Rica\u00bb agreg\u00f3.<\/p>\n<p style=\"text-align: justify;\">La disposici\u00f3n por parte del presidente municipal existe dijo, aunque no se les puede dar la celeridad a los temas debido a que el cabildo est\u00e1 sujeto a las partidas presupuestarias para elevar el n\u00famero de elementos policiacos, adem\u00e1s de que reconoci\u00f3 la dif\u00edcil situaci\u00f3n que atraviesa el Estado y el propio Ayuntamiento.<\/p>\n<p style=\"text-align: justify;\">As\u00ed mismo, solicit\u00f3 al Gobernador Electo, Miguel \u00c1ngel Yunes Linares \u00abque se aplique\u00bb en el tema de la seguridad, debido a que enfatiz\u00f3 es un \u00e1rea que preocupa a todos los habitantes de la ciudad sin importar al sector al que pertenezcan. Mencion\u00f3 que para evitar ser v\u00edctimas de la delincuencia los bodegueros han optado por bajar sus cortinas los m\u00e1s temprano posible.<\/p>\n<p style=\"text-align: justify;\">Respecto a la propuesta que hab\u00edan hecho de cerrar los comercios como una medida de presi\u00f3n para el actual Gobernador, Javier Duarte de Ochoa solicite el arribo de la gendarmer\u00eda no descart\u00f3 la posibilidad de llevarlo a cabo. En la central existen120 bodegas operando, mismas que dan empleo a 600 trabajadores directos y 250 directos.<\/p>\n<p style=\"text-align: justify;\">En otro tema, recalc\u00f3 que habido un fuerte decremento en ventas debido Tr\u00e1nsito del Estado, extorsiona a los clientes de esta centra de Abastos, consiguiendo que de esta forma ahuyentar a los consumidores.<\/p>\n<p style=\"text-align: justify;\">A\u00f1adi\u00f3 que los proveedores tambi\u00e9n han sido v\u00edctimas de Tr\u00e1nsito del Estado, lo cual deriva en que los vendedores ya no quieran surtir los productos a la Central de Abastos, por lo que tambi\u00e9n se incrementa el costo de los mismos \u00abYa no piden cientos, te extorsionan y te piden miles de pesos\u00bb concluy\u00f3.<\/p>\n","protected":false},"excerpt":{"rendered":"<p>Visitas: 0Bodegueros de la Central de Abastos del Sur de la Huasteca solicitan de manera urgente el arribo de la Gendarmer\u00eda Nacional a la ciudad ya que consideran es urgente que se termine esta ola de violencia que se vive en la zona norte de la entidad Veracruzana. Javier Zarate Trejo, Vicepresidente de Central de [&hellip;]<\/p>\n","protected":false},"author":2,"featured_media":156423,"comment_status":"open","ping_status":"open","sticky":false,"template":"","format":"standard","meta":{"footnotes":""},"categories":[213],"tags":[],"class_list":{"0":"post-156422","1":"post","2":"type-post","3":"status-publish","4":"format-standard","5":"has-post-thumbnail","7":"category-poza-rica"},"nelio_content":{"isAutoShareEnabled":true,"autoShareEndMode":"never","automationSources":{"useCustomSentences":false,"customSentences":[]},"followers":[],"suggestedReferences":[],"efiUrl":"","efiAlt":"","highlights":[],"permalinkQueryArgs":[],"series":[]},"_links":{"self":[{"href":"https:\/\/www.enteratever.com\/2023\/wp-json\/wp\/v2\/posts\/156422","targetHints":{"allow":["GET"]}}],"collection":[{"href":"https:\/\/www.enteratever.com\/2023\/wp-json\/wp\/v2\/posts"}],"about":[{"href":"https:\/\/www.enteratever.com\/2023\/wp-json\/wp\/v2\/types\/post"}],"author":[{"embeddable":true,"href":"https:\/\/www.enteratever.com\/2023\/wp-json\/wp\/v2\/users\/2"}],"replies":[{"embeddable":true,"href":"https:\/\/www.enteratever.com\/2023\/wp-json\/wp\/v2\/comments?post=156422"}],"version-history":[{"count":1,"href":"https:\/\/www.enteratever.com\/2023\/wp-json\/wp\/v2\/posts\/156422\/revisions"}],"predecessor-version":[{"id":161597,"href":"https:\/\/www.enteratever.com\/2023\/wp-json\/wp\/v2\/posts\/156422\/revisions\/161597"}],"wp:featuredmedia":[{"embeddable":true,"href":"https:\/\/www.enteratever.com\/2023\/wp-json\/wp\/v2\/media\/156423"}],"wp:attachment":[{"href":"https:\/\/www.enteratever.com\/2023\/wp-json\/wp\/v2\/media?parent=156422"}],"wp:term":[{"taxonomy":"category","embeddable":true,"href":"https:\/\/www.enteratever.com\/2023\/wp-json\/wp\/v2\/categories?post=156422"},{"taxonomy":"post_tag","embeddable":true,"href":"https:\/\/www.enteratever.com\/2023\/wp-json\/wp\/v2\/tags?post=156422"}],"curies":[{"name":"wp","href":"https:\/\/api.w.org\/{rel}","templated":true}]}}