{"id":156324,"date":"2016-08-04T00:11:17","date_gmt":"2016-08-04T00:11:17","guid":{"rendered":"https:\/\/www.enteratever.com\/2023\/instalan-consejo-estatal-de-emergencia\/"},"modified":"2023-01-28T16:34:06","modified_gmt":"2023-01-28T16:34:06","slug":"instalan-consejo-estatal-de-emergencia","status":"publish","type":"post","link":"https:\/\/www.enteratever.com\/2023\/2016\/08\/04\/instalan-consejo-estatal-de-emergencia\/","title":{"rendered":"Instalan Consejo Estatal de Emergencia"},"content":{"rendered":"<p>Visitas: 0<\/p><p style=\"text-align: justify;\">Instalan en sesi\u00f3n permanente el Consejo Estatal de Emergencia en el estado de Veracruz ante el impacto de \u201cEarl\u201d que alcanz\u00f3 la categor\u00eda de hurac\u00e1n y podr\u00eda ingresar a territorio estatal el viernes, destac\u00f3 la titular de la Secretar\u00eda de Protecci\u00f3n Civil (SPC), Yolanda Guti\u00e9rrez Carl\u00edn.<\/p>\n<p style=\"text-align: justify;\">Se activa la Alerta Azul para el sur de la entidad veracruzana, mientras que desde el lunes se mantiene la Alerta Gris en el resto del territorio estatal.<\/p>\n<p style=\"text-align: justify;\">Con la participaci\u00f3n de autoridades estatales y federales se desarroll\u00f3 la sesi\u00f3n que encabez\u00f3 la funcionaria estatal, donde de acuerdo a reportes de la Comisi\u00f3n Nacional del Agua (Conagua), la tarde de este mi\u00e9rcoles el fen\u00f3meno se ubica en playas de Belice, en Guatemala.<\/p>\n<p style=\"text-align: justify;\">El Centro Nacional de Huracanes se\u00f1ala que \u201cEarl\u201d podr\u00eda impactar en la regi\u00f3n de Los Tuxtlas.<\/p>\n<p style=\"text-align: justify;\">Al momento, los niveles de los r\u00edos por abajo de sus niveles, mientras que las presas Temascal, Cerro de Oro y Cangrejera tienen la capacidad para la cantidad de agua.<\/p>\n<p style=\"text-align: justify;\">La alerta es para todo el estado por la nubosidad, as\u00ed como las lluvias podr\u00edan afectar a todo el territorio veracruzano.<\/p>\n<p style=\"text-align: justify;\">A partir de la tarde-noche del jueves se prev\u00e9n lluvias en el norte, centro y sur, donde se prev\u00e9 que \u201cEarl\u201d ingresar\u00e1 a territorio veracruzano el viernes, lo que generar\u00e1 m\u00e1s lluvias.<\/p>\n<p style=\"text-align: justify;\">Se prev\u00e9 que el domingo las condiciones de lluvia disminuyan; sin embargo, de viernes a s\u00e1bado se esperan fuertes rachas de viento, as\u00ed como oleaje elevado.<\/p>\n<p style=\"text-align: justify;\">Igualmente, la evoluci\u00f3n de \u201cEarl\u201d puede variar por lo que podr\u00eda ingresar como tormenta; empero, las lluvias, vientos y precipitaciones se generar\u00e1n en diversas regiones de la entidad.<\/p>\n<p style=\"text-align: justify;\">Por \u00faltimo, se mantiene el aviso especial por deslaves en zonas altas y de monta\u00f1a, para evitar da\u00f1os a la integridad f\u00edsica de los ciudadanos.<\/p>\n","protected":false},"excerpt":{"rendered":"<p>Visitas: 0Instalan en sesi\u00f3n permanente el Consejo Estatal de Emergencia en el estado de Veracruz ante el impacto de \u201cEarl\u201d que alcanz\u00f3 la categor\u00eda de hurac\u00e1n y podr\u00eda ingresar a territorio estatal el viernes, destac\u00f3 la titular de la Secretar\u00eda de Protecci\u00f3n Civil (SPC), Yolanda Guti\u00e9rrez Carl\u00edn. Se activa la Alerta Azul para el sur [&hellip;]<\/p>\n","protected":false},"author":2,"featured_media":156325,"comment_status":"open","ping_status":"open","sticky":false,"template":"","format":"standard","meta":{"footnotes":""},"categories":[213],"tags":[],"class_list":{"0":"post-156324","1":"post","2":"type-post","3":"status-publish","4":"format-standard","5":"has-post-thumbnail","7":"category-poza-rica"},"nelio_content":{"isAutoShareEnabled":true,"autoShareEndMode":"never","automationSources":{"useCustomSentences":false,"customSentences":[]},"followers":[],"suggestedReferences":[],"efiUrl":"","efiAlt":"","highlights":[],"permalinkQueryArgs":[],"series":[]},"_links":{"self":[{"href":"https:\/\/www.enteratever.com\/2023\/wp-json\/wp\/v2\/posts\/156324","targetHints":{"allow":["GET"]}}],"collection":[{"href":"https:\/\/www.enteratever.com\/2023\/wp-json\/wp\/v2\/posts"}],"about":[{"href":"https:\/\/www.enteratever.com\/2023\/wp-json\/wp\/v2\/types\/post"}],"author":[{"embeddable":true,"href":"https:\/\/www.enteratever.com\/2023\/wp-json\/wp\/v2\/users\/2"}],"replies":[{"embeddable":true,"href":"https:\/\/www.enteratever.com\/2023\/wp-json\/wp\/v2\/comments?post=156324"}],"version-history":[{"count":1,"href":"https:\/\/www.enteratever.com\/2023\/wp-json\/wp\/v2\/posts\/156324\/revisions"}],"predecessor-version":[{"id":161646,"href":"https:\/\/www.enteratever.com\/2023\/wp-json\/wp\/v2\/posts\/156324\/revisions\/161646"}],"wp:featuredmedia":[{"embeddable":true,"href":"https:\/\/www.enteratever.com\/2023\/wp-json\/wp\/v2\/media\/156325"}],"wp:attachment":[{"href":"https:\/\/www.enteratever.com\/2023\/wp-json\/wp\/v2\/media?parent=156324"}],"wp:term":[{"taxonomy":"category","embeddable":true,"href":"https:\/\/www.enteratever.com\/2023\/wp-json\/wp\/v2\/categories?post=156324"},{"taxonomy":"post_tag","embeddable":true,"href":"https:\/\/www.enteratever.com\/2023\/wp-json\/wp\/v2\/tags?post=156324"}],"curies":[{"name":"wp","href":"https:\/\/api.w.org\/{rel}","templated":true}]}}