{"id":156272,"date":"2016-07-25T23:06:57","date_gmt":"2016-07-25T23:06:57","guid":{"rendered":"https:\/\/www.enteratever.com\/2023\/verano-teleton-2016\/"},"modified":"2023-01-28T16:34:14","modified_gmt":"2023-01-28T16:34:14","slug":"verano-teleton-2016","status":"publish","type":"post","link":"https:\/\/www.enteratever.com\/2023\/2016\/07\/25\/verano-teleton-2016\/","title":{"rendered":"Verano Telet\u00f3n 2016"},"content":{"rendered":"<p>Visitas: 0<\/p>\n<p style=\"text-align: justify;\">El programa \u00abVerano Telet\u00f3n\u00bb se llevar\u00e1 a cabo en el Centro de Rehabilitaci\u00f3n Infantil Telet\u00f3n (CRIT) Veracruz, del 25 de julio al 5 de agosto, tiene como objetivo \u00a0favorecer la socializaci\u00f3n entre ni\u00f1os, ni\u00f1as y j\u00f3venes con y sin discapacidad.<\/p>\n<p style=\"text-align: justify;\">Durante todo el a\u00f1o el centro Telet\u00f3n trabaja en la rehabilitaci\u00f3n de los menores, situaci\u00f3n que se vuelve pesada para los peque\u00f1os,\u00a0 quienes se la pasan del centro a su casa, lo que logra que los menores se agoten.<\/p>\n<p style=\"text-align: justify;\">Por la edad los peque\u00f1os en rehabilitaci\u00f3n, siempre buscan aprender algo nuevo, \u00a0por lo que \u00a0este a\u00f1o para fortalecer los lazos entre \u00a0de amistad y solidaridad entre ni\u00f1os y j\u00f3venes voluntarios, durante el Verano Telet\u00f3n se realizar\u00e1 el \u00abTri\u00e1ngulo de la Amistad\u00bb.<\/p>\n<p style=\"text-align: justify;\">El Verano Telet\u00f3n nace con la idea de que los menores tuvieran un espacio para convivir, busca fomentar entre ni\u00f1os con y sin discapacidad los valores de equidad, respeto y aceptaci\u00f3n, a su vez, crea relaciones de amistad, todo durante este periodo vacacional de verano.<\/p>\n<p style=\"text-align: justify;\">En el evento participan son 28 las empresas, que ofrecen diferentes actividades para realizar a los ni\u00f1os como: talleres, manualidades, crossfit. Son 52 los pacientes que durante tendr\u00e1n un verano divertido, 56 voluntarios que auxilian en las actividades.<\/p>\n<p style=\"text-align: justify;\">Tambi\u00e9n se invitaron a un total de 36 Amigos telet\u00f3n estos son ni\u00f1os de entre 6 y 12 a\u00f1os que cursan la primarias\u00a0 y secundarias, quienes fueron elegidos para que convivan con peque\u00f1os de su misma edad, ya que comparten los mismos intereses, lo que se busca con esto es lograr la inclusi\u00f3n de los ni\u00f1os con capacidades diferentes a la sociedad.<\/p>\n","protected":false},"excerpt":{"rendered":"<p>Visitas: 0El programa \u00abVerano Telet\u00f3n\u00bb se llevar\u00e1 a cabo en el Centro de Rehabilitaci\u00f3n Infantil Telet\u00f3n (CRIT) Veracruz, del 25 de julio al 5 de agosto, tiene como objetivo \u00a0favorecer la socializaci\u00f3n entre ni\u00f1os, ni\u00f1as y j\u00f3venes con y sin discapacidad. Durante todo el a\u00f1o el centro Telet\u00f3n trabaja en la rehabilitaci\u00f3n de los menores, [&hellip;]<\/p>\n","protected":false},"author":2,"featured_media":156273,"comment_status":"open","ping_status":"open","sticky":false,"template":"","format":"standard","meta":{"footnotes":""},"categories":[213],"tags":[],"class_list":{"0":"post-156272","1":"post","2":"type-post","3":"status-publish","4":"format-standard","5":"has-post-thumbnail","7":"category-poza-rica"},"nelio_content":{"isAutoShareEnabled":true,"autoShareEndMode":"never","automationSources":{"useCustomSentences":false,"customSentences":[]},"followers":[],"suggestedReferences":[],"efiUrl":"","efiAlt":"","highlights":[],"permalinkQueryArgs":[],"series":[]},"_links":{"self":[{"href":"https:\/\/www.enteratever.com\/2023\/wp-json\/wp\/v2\/posts\/156272","targetHints":{"allow":["GET"]}}],"collection":[{"href":"https:\/\/www.enteratever.com\/2023\/wp-json\/wp\/v2\/posts"}],"about":[{"href":"https:\/\/www.enteratever.com\/2023\/wp-json\/wp\/v2\/types\/post"}],"author":[{"embeddable":true,"href":"https:\/\/www.enteratever.com\/2023\/wp-json\/wp\/v2\/users\/2"}],"replies":[{"embeddable":true,"href":"https:\/\/www.enteratever.com\/2023\/wp-json\/wp\/v2\/comments?post=156272"}],"version-history":[{"count":1,"href":"https:\/\/www.enteratever.com\/2023\/wp-json\/wp\/v2\/posts\/156272\/revisions"}],"predecessor-version":[{"id":161672,"href":"https:\/\/www.enteratever.com\/2023\/wp-json\/wp\/v2\/posts\/156272\/revisions\/161672"}],"wp:featuredmedia":[{"embeddable":true,"href":"https:\/\/www.enteratever.com\/2023\/wp-json\/wp\/v2\/media\/156273"}],"wp:attachment":[{"href":"https:\/\/www.enteratever.com\/2023\/wp-json\/wp\/v2\/media?parent=156272"}],"wp:term":[{"taxonomy":"category","embeddable":true,"href":"https:\/\/www.enteratever.com\/2023\/wp-json\/wp\/v2\/categories?post=156272"},{"taxonomy":"post_tag","embeddable":true,"href":"https:\/\/www.enteratever.com\/2023\/wp-json\/wp\/v2\/tags?post=156272"}],"curies":[{"name":"wp","href":"https:\/\/api.w.org\/{rel}","templated":true}]}}