{"id":156238,"date":"2016-07-19T22:08:10","date_gmt":"2016-07-19T22:08:10","guid":{"rendered":"https:\/\/www.enteratever.com\/2023\/caen-nueve-presuntos-secuestradores-en-poza-rica-liberan-a-dos-personas\/"},"modified":"2023-01-28T16:34:15","modified_gmt":"2023-01-28T16:34:15","slug":"caen-nueve-presuntos-secuestradores-en-poza-rica-liberan-a-dos-personas","status":"publish","type":"post","link":"https:\/\/www.enteratever.com\/2023\/2016\/07\/19\/caen-nueve-presuntos-secuestradores-en-poza-rica-liberan-a-dos-personas\/","title":{"rendered":"Caen nueve presuntos secuestradores en Poza Rica; liberan a dos personas"},"content":{"rendered":"<p>Visitas: 3<\/p><p style=\"text-align: justify;\">Elementos de las Fuerzas Federales detuvieron en Poza Rica, a nueve presuntos integrantes de una banda de secuestradores, y liberaron a dos personas, inform\u00f3 Omar Garc\u00eda Harfuch, jefe de la Divisi\u00f3n Investigaci\u00f3n de la Polic\u00eda Federal (PF).<\/p>\n<p style=\"text-align: justify;\">En conferencia de prensa, el funcionario precis\u00f3 que de acuerdo con las indagatorias los presuntos responsables est\u00e1n relacionados con 17 casos de privaci\u00f3n ilegal de la libertad en esa entidad.<\/p>\n<p style=\"text-align: justify;\">Detall\u00f3 que la liberaci\u00f3n de las dos v\u00edctimas ocurri\u00f3 ayer lunes en un inmueble ubicado en la colonia M\u00e9xico, en Poza Rica, donde tambi\u00e9n se captur\u00f3 a los nueve presuntos integrantes de un grupo delictivo que opera en Veracruz.<\/p>\n<p style=\"text-align: justify;\">Garc\u00eda Harfuch indic\u00f3 que el rescate se llev\u00f3 a cabo sin realizar un solo disparo y en todo momento se garantiz\u00f3 la integridad f\u00edsica de las v\u00edctimas, as\u00ed como el respeto a los derechos humanos de los detenidos, entre ellos Erick Daniel \u201cN\u201d, quien presuntamente se encargaba de las negociaciones con los familiares de las v\u00edctimas.<\/p>\n<p style=\"text-align: justify;\">Los probables responsables fueron puestos a disposici\u00f3n del agente del Ministerio P\u00fablico Federal adscrito a la Subprocuradur\u00eda Especializa en Investigaci\u00f3n de Delincuencia Organizada, quien en breve determinar\u00e1 la situaci\u00f3n jur\u00eddica de los presuntos secuestradores.<\/p>\n<p style=\"text-align: justify;\">El jefe de la Divisi\u00f3n Investigaci\u00f3n de la Polic\u00eda Federal indic\u00f3 que a los detenidos se les relaciona con plagios ocurridos en esa entidad el 15 de octubre de 2015 y el pasado 28 de mayo, en los cuales solicitaron cantidades millonarias para liberar a las v\u00edctimas.<\/p>\n<p style=\"text-align: justify;\">En la conferencia de prensa tambi\u00e9n estuvieron presentes Patricia Bugar\u00edn Guti\u00e9rrez, coordinadora Nacional Antisecuestros; Luis \u00c1ngel Bravo Contreras, Fiscal General de Veracruz, as\u00ed como Gualberto Ram\u00edrez Guti\u00e9rrez, titular de la Unidad Especializada en Investigaci\u00f3n de Delitos en Materia de Secuestros de la PGR.<\/p>\n","protected":false},"excerpt":{"rendered":"<p>Visitas: 3Elementos de las Fuerzas Federales detuvieron en Poza Rica, a nueve presuntos integrantes de una banda de secuestradores, y liberaron a dos personas, inform\u00f3 Omar Garc\u00eda Harfuch, jefe de la Divisi\u00f3n Investigaci\u00f3n de la Polic\u00eda Federal (PF). En conferencia de prensa, el funcionario precis\u00f3 que de acuerdo con las indagatorias los presuntos responsables est\u00e1n [&hellip;]<\/p>\n","protected":false},"author":2,"featured_media":156239,"comment_status":"open","ping_status":"open","sticky":false,"template":"","format":"standard","meta":{"footnotes":""},"categories":[213],"tags":[],"class_list":{"0":"post-156238","1":"post","2":"type-post","3":"status-publish","4":"format-standard","5":"has-post-thumbnail","7":"category-poza-rica"},"nelio_content":{"isAutoShareEnabled":true,"autoShareEndMode":"never","automationSources":{"useCustomSentences":false,"customSentences":[]},"followers":[],"suggestedReferences":[],"efiUrl":"","efiAlt":"","highlights":[],"permalinkQueryArgs":[],"series":[]},"_links":{"self":[{"href":"https:\/\/www.enteratever.com\/2023\/wp-json\/wp\/v2\/posts\/156238","targetHints":{"allow":["GET"]}}],"collection":[{"href":"https:\/\/www.enteratever.com\/2023\/wp-json\/wp\/v2\/posts"}],"about":[{"href":"https:\/\/www.enteratever.com\/2023\/wp-json\/wp\/v2\/types\/post"}],"author":[{"embeddable":true,"href":"https:\/\/www.enteratever.com\/2023\/wp-json\/wp\/v2\/users\/2"}],"replies":[{"embeddable":true,"href":"https:\/\/www.enteratever.com\/2023\/wp-json\/wp\/v2\/comments?post=156238"}],"version-history":[{"count":1,"href":"https:\/\/www.enteratever.com\/2023\/wp-json\/wp\/v2\/posts\/156238\/revisions"}],"predecessor-version":[{"id":161689,"href":"https:\/\/www.enteratever.com\/2023\/wp-json\/wp\/v2\/posts\/156238\/revisions\/161689"}],"wp:featuredmedia":[{"embeddable":true,"href":"https:\/\/www.enteratever.com\/2023\/wp-json\/wp\/v2\/media\/156239"}],"wp:attachment":[{"href":"https:\/\/www.enteratever.com\/2023\/wp-json\/wp\/v2\/media?parent=156238"}],"wp:term":[{"taxonomy":"category","embeddable":true,"href":"https:\/\/www.enteratever.com\/2023\/wp-json\/wp\/v2\/categories?post=156238"},{"taxonomy":"post_tag","embeddable":true,"href":"https:\/\/www.enteratever.com\/2023\/wp-json\/wp\/v2\/tags?post=156238"}],"curies":[{"name":"wp","href":"https:\/\/api.w.org\/{rel}","templated":true}]}}