{"id":156230,"date":"2016-07-18T19:09:16","date_gmt":"2016-07-18T19:09:16","guid":{"rendered":"https:\/\/www.enteratever.com\/2023\/llaman-empresarios-de-la-zona-norte-a-no-pagar-el-impuesto-del-3-por-cierto-a-la-nomina\/"},"modified":"2023-01-28T16:34:15","modified_gmt":"2023-01-28T16:34:15","slug":"llaman-empresarios-de-la-zona-norte-a-no-pagar-el-impuesto-del-3-por-cierto-a-la-nomina","status":"publish","type":"post","link":"https:\/\/www.enteratever.com\/2023\/2016\/07\/18\/llaman-empresarios-de-la-zona-norte-a-no-pagar-el-impuesto-del-3-por-cierto-a-la-nomina\/","title":{"rendered":"No pagaremos el impuesto a la n\u00f3mina para que Duarte pague la deuda p\u00fablica: empresarios"},"content":{"rendered":"<p>Visitas: 0<\/p><p style=\"text-align: justify;\">No pagaremos el impuesto a la n\u00f3mina para que el Gobernador, Javier Duarte de Ochoa, pague la deuda del Estado, afirman empresarios de la zona norte de la entidad veracruzana, se\u00f1alaron que todas las c\u00e1maras empresariales se encuentran unidad y rechazan la iniciativa de convertir este impuesto en un fideicomiso para pagar deudas.<\/p>\n<p>Jes\u00fas Herrera Franco, Presidente del Consejo Coordinador Empresarial (CCE), hizo un llamado a todos los integrantes de las diferentes c\u00e1maras empresariales de la zona norte a no pagar el impuesto del 3 por cierto a la n\u00f3mina.<\/p>\n<p style=\"text-align: justify;\">\u00abSi el impuesto se va ocupar para lo que quiere el gobernador y la legislatura actual que es para pagar deuda est\u00e1 en desacuerdo las c\u00e1maras de comercio del estado en no pagar este impuesto\u00bb agreg\u00f3.<\/p>\n<p style=\"text-align: justify;\">Se\u00f1alan que de los 300 millones de pesos que se recaudaron en 2015, en la regi\u00f3n norte de menos de 40 millones son usados para ejecutar obras en la zona, lo cual deja claro que este recurso no est\u00e1 siendo utilizado para los fines que fue creado, para la ejecuci\u00f3n de infraestructura y obra en el estado.<\/p>\n<p style=\"text-align: justify;\">Recalc\u00f3 que a nivel estatal todo el sector empresarial rechaza esta iniciativa, se est\u00e1 exigiendo que el impuesto sea utilizado obras de impacto que logren atraer inversiones y con esto activar la econom\u00eda, de lo contrario no pagar\u00e1n m\u00e1s esta carga advirti\u00f3.<\/p>\n<p style=\"text-align: justify;\">La iniciativa privada plasm\u00f3 su inconformidad en un desplegado que fue difundido este 18 de julio a diversos medios de comunicaci\u00f3n, mismo que fue firmado por el Consejo Coordinador Empresarial (CCE), la Confederaci\u00f3n Patronal de la Rep\u00fablica Mexicana (Coparmex), y las<\/p>\n<p style=\"text-align: justify;\">c\u00e1maras nacionales de Comercio (Canaco), de la Industria de la Transformaci\u00f3n (Canacintra), de Autotransporte de Carga (Canacar), de la Industria de Restaurantes (Canirac), y la C\u00e1mara Mexicana de la Industria de la Construcci\u00f3n (CMIC).<br \/>\nAbelardo Aguirre, Vicepresidente de Canaco Poza Rica, recalc\u00f3 que hasta que no sea esclarecido para que ser\u00e1 utilizado este recurso son pagaran este impuesto, ya que dijo el Sector Empresarial han sido lesionados por el Gobierno Estatal, en primera instancia por el incremento del 50 por ciento a la n\u00f3mina que se dio en esta administraci\u00f3n y ahora al querer usar este recurso para cubrir la deuda p\u00fablica.<\/p>\n<p style=\"text-align: justify;\">\u00abNo podemos darle de nuestro dinero, nuestro trabajo para pagar deudas de gobierno que ni siquiera sabemos a d\u00f3nde fue ese dinero de las deudas, es una decisi\u00f3n de todos los empresarios del estado\u00bb a\u00f1adi\u00f3 Herrera Franco.<\/p>\n<p style=\"text-align: justify;\">Ser\u00e1 este martes 19 de julio cuando los Diputados Locales de la LXIII Legislatura Local, determine si aprueba o no la iniciativa enviada por el Gobernador. A los Diputados Locales el presidente del CCE pidi\u00f3 que antes de aprobar esta iniciativa volteen a ver a qui\u00e9n beneficia y a quienes perjudica, subray\u00f3 que el deber de ellos como funcionarios es velar por los intereses de todos los ciudadanos y no de los de unos cuantos.<\/p>\n","protected":false},"excerpt":{"rendered":"<p>Visitas: 0No pagaremos el impuesto a la n\u00f3mina para que el Gobernador, Javier Duarte de Ochoa, pague la deuda del Estado, afirman empresarios de la zona norte de la entidad veracruzana, se\u00f1alaron que todas las c\u00e1maras empresariales se encuentran unidad y rechazan la iniciativa de convertir este impuesto en un fideicomiso para pagar deudas. Jes\u00fas [&hellip;]<\/p>\n","protected":false},"author":2,"featured_media":156231,"comment_status":"open","ping_status":"open","sticky":false,"template":"","format":"standard","meta":{"footnotes":""},"categories":[213],"tags":[],"class_list":{"0":"post-156230","1":"post","2":"type-post","3":"status-publish","4":"format-standard","5":"has-post-thumbnail","7":"category-poza-rica"},"nelio_content":{"isAutoShareEnabled":true,"autoShareEndMode":"never","automationSources":{"useCustomSentences":false,"customSentences":[]},"followers":[],"suggestedReferences":[],"efiUrl":"","efiAlt":"","highlights":[],"permalinkQueryArgs":[],"series":[]},"_links":{"self":[{"href":"https:\/\/www.enteratever.com\/2023\/wp-json\/wp\/v2\/posts\/156230","targetHints":{"allow":["GET"]}}],"collection":[{"href":"https:\/\/www.enteratever.com\/2023\/wp-json\/wp\/v2\/posts"}],"about":[{"href":"https:\/\/www.enteratever.com\/2023\/wp-json\/wp\/v2\/types\/post"}],"author":[{"embeddable":true,"href":"https:\/\/www.enteratever.com\/2023\/wp-json\/wp\/v2\/users\/2"}],"replies":[{"embeddable":true,"href":"https:\/\/www.enteratever.com\/2023\/wp-json\/wp\/v2\/comments?post=156230"}],"version-history":[{"count":1,"href":"https:\/\/www.enteratever.com\/2023\/wp-json\/wp\/v2\/posts\/156230\/revisions"}],"predecessor-version":[{"id":161693,"href":"https:\/\/www.enteratever.com\/2023\/wp-json\/wp\/v2\/posts\/156230\/revisions\/161693"}],"wp:featuredmedia":[{"embeddable":true,"href":"https:\/\/www.enteratever.com\/2023\/wp-json\/wp\/v2\/media\/156231"}],"wp:attachment":[{"href":"https:\/\/www.enteratever.com\/2023\/wp-json\/wp\/v2\/media?parent=156230"}],"wp:term":[{"taxonomy":"category","embeddable":true,"href":"https:\/\/www.enteratever.com\/2023\/wp-json\/wp\/v2\/categories?post=156230"},{"taxonomy":"post_tag","embeddable":true,"href":"https:\/\/www.enteratever.com\/2023\/wp-json\/wp\/v2\/tags?post=156230"}],"curies":[{"name":"wp","href":"https:\/\/api.w.org\/{rel}","templated":true}]}}