{"id":156198,"date":"2016-07-13T00:04:54","date_gmt":"2016-07-13T00:04:54","guid":{"rendered":"https:\/\/www.enteratever.com\/2023\/activan-la-oficina-de-hacienda-del-estado-en-poza-rica\/"},"modified":"2023-01-28T16:34:16","modified_gmt":"2023-01-28T16:34:16","slug":"activan-la-oficina-de-hacienda-del-estado-en-poza-rica","status":"publish","type":"post","link":"https:\/\/www.enteratever.com\/2023\/2016\/07\/13\/activan-la-oficina-de-hacienda-del-estado-en-poza-rica\/","title":{"rendered":"Activan la oficina de Hacienda del Estado en Poza Rica"},"content":{"rendered":"<p>Visitas: 0<\/p><p style=\"text-align: justify;\">Improvisan oficinas de Hacienda del Estado en Poza Rica \u00a0para poder brindar el servicio a los contribuyentes, a partir de este martes a las 8:00 de la ma\u00f1ana fue habilitada un \u00e1rea en las instalaciones que ocupa Patrimonio del Estado, en la colonia Chapultepec.<\/p>\n<p style=\"text-align: justify;\">Luego del incendi\u00f3 que se registr\u00f3 en la dependencia el 19 de junio, los servicios quedaron suspendidos y los usuarios que requer\u00edan realizan tramites como: altas y bajas de veh\u00edculos, cambios de propietario, empacamiento de veh\u00edculos nuevos de uso particular y transporte p\u00fablico, ten\u00edan que acudir a las instalaciones de esta dependencia en los municipios vecinos como: Tihuatl\u00e1n, Cazones, Tuxpan, Papantla y \u00c1lamo.<\/p>\n<p style=\"text-align: justify;\"><a href=\"http:\/\/enteratever.com\/2015\/wp-content\/uploads\/2016\/07\/Darwin1.jpg\"><img loading=\"lazy\" decoding=\"async\" class=\"aligncenter size-full wp-image-57076\" src=\"http:\/\/enteratever.com\/2015\/wp-content\/uploads\/2016\/07\/Darwin1.jpg\" alt=\"Darwin1\" width=\"1024\" height=\"576\" \/><\/a><\/p>\n<p style=\"text-align: justify;\">Darwin Lanz Hanssen, titular de la dependencia se\u00f1al\u00f3 por el momento se habilit\u00f3 el espacio para que los tramites se realicen, enfatiz\u00f3 que este lugar lo estar\u00e1n usando de manera provisional, y en cuanto se termine de hacer la limpieza y los trabajos en las anteriores oficinas se trasladar\u00e1n nuevamente a este local.<\/p>\n<p style=\"text-align: justify;\">Las oficinas de Hacienda ahora est\u00e1n ubicadas en la calle Chopo, entre \u00c9bano y \u00a0Sabido de la colonia Chapultepec, en la primera planta. \u00abEstamos haciendo todos los tr\u00e1mites como antes, anteriormente se les enviaba a los contribuyentes a otros municipios a partir de ahora ya pueden acudir a las oficinas\u00bb agreg\u00f3.<\/p>\n<p style=\"text-align: justify;\">El funcionario subray\u00f3 que a\u00fan no existe una fecha precisa en la que se pueda abrir las anteriores instalaciones al 100 por ciento, pero dijo que para mayor comodidad y debido a que ya exist\u00eda molestia por parte de los ciudadanos quienes no quer\u00edan ir a los municipios aleda\u00f1os hacer sus tr\u00e1mites se improvis\u00f3 el espacio.<\/p>\n<p style=\"text-align: justify;\">Por otro lado exhort\u00f3 a los ciudadanos aprovechar la segunda etapa del programa de Condonaciones Veracruz 2016, esta fase se llevar\u00e1 a cabo del 1 de junio al 31 de agosto, consiste en eximir al 100 por ciento, recargos, multas de cr\u00e9ditos fiscales y por verificaci\u00f3n vehicula extempor\u00e1nea.<\/p>\n<p style=\"text-align: justify;\">Esta estrategia ser\u00e1 aplicada a toda persona f\u00edsica o moral, inscrita en el Registro Estatal de Contribuyentes que tenga cr\u00e9ditos fiscales o adeudos causados del \u00a02012 al 31 de diciembre del 2015.<\/p>\n<p style=\"text-align: justify;\">Para finalizar, asever\u00f3 que en este momento en la oficina se est\u00e1n realizando todos los ajustes necesarios para darle continuidad a los trabajos del anterior titular, afirm\u00f3 que se al estar al frente de esta dependencia tratar\u00e1 de ofrecer un servicio de rapidez y eficacia.<\/p>\n","protected":false},"excerpt":{"rendered":"<p>Visitas: 0Improvisan oficinas de Hacienda del Estado en Poza Rica \u00a0para poder brindar el servicio a los contribuyentes, a partir de este martes a las 8:00 de la ma\u00f1ana fue habilitada un \u00e1rea en las instalaciones que ocupa Patrimonio del Estado, en la colonia Chapultepec. Luego del incendi\u00f3 que se registr\u00f3 en la dependencia el [&hellip;]<\/p>\n","protected":false},"author":2,"featured_media":156199,"comment_status":"open","ping_status":"open","sticky":false,"template":"","format":"standard","meta":{"footnotes":""},"categories":[213],"tags":[],"class_list":{"0":"post-156198","1":"post","2":"type-post","3":"status-publish","4":"format-standard","5":"has-post-thumbnail","7":"category-poza-rica"},"nelio_content":{"isAutoShareEnabled":true,"autoShareEndMode":"never","automationSources":{"useCustomSentences":false,"customSentences":[]},"followers":[],"suggestedReferences":[],"efiUrl":"","efiAlt":"","highlights":[],"permalinkQueryArgs":[],"series":[]},"_links":{"self":[{"href":"https:\/\/www.enteratever.com\/2023\/wp-json\/wp\/v2\/posts\/156198","targetHints":{"allow":["GET"]}}],"collection":[{"href":"https:\/\/www.enteratever.com\/2023\/wp-json\/wp\/v2\/posts"}],"about":[{"href":"https:\/\/www.enteratever.com\/2023\/wp-json\/wp\/v2\/types\/post"}],"author":[{"embeddable":true,"href":"https:\/\/www.enteratever.com\/2023\/wp-json\/wp\/v2\/users\/2"}],"replies":[{"embeddable":true,"href":"https:\/\/www.enteratever.com\/2023\/wp-json\/wp\/v2\/comments?post=156198"}],"version-history":[{"count":1,"href":"https:\/\/www.enteratever.com\/2023\/wp-json\/wp\/v2\/posts\/156198\/revisions"}],"predecessor-version":[{"id":161709,"href":"https:\/\/www.enteratever.com\/2023\/wp-json\/wp\/v2\/posts\/156198\/revisions\/161709"}],"wp:featuredmedia":[{"embeddable":true,"href":"https:\/\/www.enteratever.com\/2023\/wp-json\/wp\/v2\/media\/156199"}],"wp:attachment":[{"href":"https:\/\/www.enteratever.com\/2023\/wp-json\/wp\/v2\/media?parent=156198"}],"wp:term":[{"taxonomy":"category","embeddable":true,"href":"https:\/\/www.enteratever.com\/2023\/wp-json\/wp\/v2\/categories?post=156198"},{"taxonomy":"post_tag","embeddable":true,"href":"https:\/\/www.enteratever.com\/2023\/wp-json\/wp\/v2\/tags?post=156198"}],"curies":[{"name":"wp","href":"https:\/\/api.w.org\/{rel}","templated":true}]}}