{"id":156196,"date":"2016-07-13T00:02:48","date_gmt":"2016-07-13T00:02:48","guid":{"rendered":"https:\/\/www.enteratever.com\/2023\/estudiantes-del-cejev-dan-ultimatum-al-gobierno-del-estado-exigen-el-pago-de-becas-de-manutencion\/"},"modified":"2023-01-28T16:34:16","modified_gmt":"2023-01-28T16:34:16","slug":"estudiantes-del-cejev-dan-ultimatum-al-gobierno-del-estado-exigen-el-pago-de-becas-de-manutencion","status":"publish","type":"post","link":"https:\/\/www.enteratever.com\/2023\/2016\/07\/13\/estudiantes-del-cejev-dan-ultimatum-al-gobierno-del-estado-exigen-el-pago-de-becas-de-manutencion\/","title":{"rendered":"Estudiantes del Cejev dan ultim\u00e1tum al Gobierno del Estado, exigen el pago de becas de manutenci\u00f3n"},"content":{"rendered":"<p>Visitas: 0<\/p><p style=\"text-align: justify;\">Integrantes de la Confederaci\u00f3n Estatal de J\u00f3venes y Estudiantes de Veracruz (CEJEV), se\u00f1alan que est\u00e1n cansados de esperar que el Gobierno del estado les pague la deuda millonaria que mantiene \u00a0con ellos desde 2014, por lo que afirman que saldr\u00e1n a las calles a manifestarse para exigir su beca.<\/p>\n<p style=\"text-align: justify;\">Juan Escorcia Prior, Delegado de la zona norte del Cejev, subray\u00f3 que a\u00fan est\u00e1 pendiente el pago de becas de manutenci\u00f3n del 2014, 2015 y cuatro meses del presente a\u00f1o, a nivel estatal son 32 mil los educandos afectados, mismos que reclaman el pago de estas debido a que afirman el recurso que ya fue autorizado por el Congreso Local y depositado a la Secretar\u00eda de Finanzas y Planeaci\u00f3n (Sefiplan), pero hasta la fecha no les han dado un solo peso.<\/p>\n<p style=\"text-align: justify;\">Mencion\u00f3 que debido a que el Gobierno del Estado desconoce la deuda que mantiene actualmente con los estudiantes, se est\u00e1n organizando los afectados para realizar una manifestaci\u00f3n masiva en la ciudad de Xalapa esto se pretende realizan en cuando inicie el pr\u00f3ximo ciclo escolar.<\/p>\n<p style=\"text-align: justify;\">La intenci\u00f3n de estas marchas ser\u00e1 presionar al gobierno y ejecute los pagos correspondientes, se\u00f1al\u00f3 que en os que va de esta a\u00f1os ya son 4 meses que les deben, en total la deuda haciende a 52 millones de pesos. \u00abLo preocupante es que en noviembre concluye el gobierno de Javier Duarte y no quieren reconocer que no han pagado las becas\u00bb agreg\u00f3.<\/p>\n<p style=\"text-align: justify;\">Lament\u00f3 que se tome a la ligera el pago de subsidios ya que dijo es un recurso econ\u00f3mico que ayuda a que muchos j\u00f3venes puedan seguir asistiendo a las aulas, afirm\u00f3 que existe registro de casos de becarios que han abandonado la escuela porque no han cobrado las becas de manutenci\u00f3n y el gobierno no ve que estos alumnos se esfuerzan para obtener buenas calificaciones para ser beneficiario y continuar con sus estudios.<\/p>\n<p style=\"text-align: justify;\">En la zona norte son m\u00e1s de 12 mil los estudiantes afectados, de diversos Tecnol\u00f3gicos y de la Universidad Veracruzana, de municipios como: Tuxpan, Poza Rica, Papantla, Cerro Azul, Chicontepec, quienes enfatiz\u00f3 est\u00e1n inconformes con los malos manejos que ha realizado la administraci\u00f3n de Javier Duarte de Ochoa.<\/p>\n<p style=\"text-align: justify;\">Hasta la fecha, a\u00f1adi\u00f3 que han recibido solo promesas por parte de la actual administraci\u00f3n pero no les han cumplido, por lo que para presionar y exigir que les paguen saldr\u00e1n a las calles para que reconozcan la deuda y les paguen lo antes posible.<\/p>\n<p style=\"text-align: justify;\">\n","protected":false},"excerpt":{"rendered":"<p>Visitas: 0Integrantes de la Confederaci\u00f3n Estatal de J\u00f3venes y Estudiantes de Veracruz (CEJEV), se\u00f1alan que est\u00e1n cansados de esperar que el Gobierno del estado les pague la deuda millonaria que mantiene \u00a0con ellos desde 2014, por lo que afirman que saldr\u00e1n a las calles a manifestarse para exigir su beca. Juan Escorcia Prior, Delegado de [&hellip;]<\/p>\n","protected":false},"author":2,"featured_media":156197,"comment_status":"open","ping_status":"open","sticky":false,"template":"","format":"standard","meta":{"footnotes":""},"categories":[213],"tags":[],"class_list":{"0":"post-156196","1":"post","2":"type-post","3":"status-publish","4":"format-standard","5":"has-post-thumbnail","7":"category-poza-rica"},"nelio_content":{"isAutoShareEnabled":true,"autoShareEndMode":"never","automationSources":{"useCustomSentences":false,"customSentences":[]},"followers":[],"suggestedReferences":[],"efiUrl":"","efiAlt":"","highlights":[],"permalinkQueryArgs":[],"series":[]},"_links":{"self":[{"href":"https:\/\/www.enteratever.com\/2023\/wp-json\/wp\/v2\/posts\/156196","targetHints":{"allow":["GET"]}}],"collection":[{"href":"https:\/\/www.enteratever.com\/2023\/wp-json\/wp\/v2\/posts"}],"about":[{"href":"https:\/\/www.enteratever.com\/2023\/wp-json\/wp\/v2\/types\/post"}],"author":[{"embeddable":true,"href":"https:\/\/www.enteratever.com\/2023\/wp-json\/wp\/v2\/users\/2"}],"replies":[{"embeddable":true,"href":"https:\/\/www.enteratever.com\/2023\/wp-json\/wp\/v2\/comments?post=156196"}],"version-history":[{"count":1,"href":"https:\/\/www.enteratever.com\/2023\/wp-json\/wp\/v2\/posts\/156196\/revisions"}],"predecessor-version":[{"id":161710,"href":"https:\/\/www.enteratever.com\/2023\/wp-json\/wp\/v2\/posts\/156196\/revisions\/161710"}],"wp:featuredmedia":[{"embeddable":true,"href":"https:\/\/www.enteratever.com\/2023\/wp-json\/wp\/v2\/media\/156197"}],"wp:attachment":[{"href":"https:\/\/www.enteratever.com\/2023\/wp-json\/wp\/v2\/media?parent=156196"}],"wp:term":[{"taxonomy":"category","embeddable":true,"href":"https:\/\/www.enteratever.com\/2023\/wp-json\/wp\/v2\/categories?post=156196"},{"taxonomy":"post_tag","embeddable":true,"href":"https:\/\/www.enteratever.com\/2023\/wp-json\/wp\/v2\/tags?post=156196"}],"curies":[{"name":"wp","href":"https:\/\/api.w.org\/{rel}","templated":true}]}}