{"id":156186,"date":"2016-07-11T22:10:10","date_gmt":"2016-07-11T22:10:10","guid":{"rendered":"https:\/\/www.enteratever.com\/2023\/reconocen-labor-de-elementos-de-transito-del-estado-y-seguridad-vial\/"},"modified":"2023-01-28T16:34:16","modified_gmt":"2023-01-28T16:34:16","slug":"reconocen-labor-de-elementos-de-transito-del-estado-y-seguridad-vial","status":"publish","type":"post","link":"https:\/\/www.enteratever.com\/2023\/2016\/07\/11\/reconocen-labor-de-elementos-de-transito-del-estado-y-seguridad-vial\/","title":{"rendered":"Reconocen labor de elementos de Tr\u00e1nsito del Estado y Seguridad Vial"},"content":{"rendered":"<p>Visitas: 0<\/p><p style=\"text-align: justify;\">Poza Rica, Veracruz &#8211; Directivos, docentes, alumnos y padres de familia de la escuela primaria Adolfo L\u00f3pez Mateos, reconocieron a los elementos de la delegaci\u00f3n n\u00famero 3 de Tr\u00e1nsito y Seguridad Vial de Poza Rica, por el apoyo otorgado a la instituci\u00f3n educativa en la protecci\u00f3n de la entrada de los escolares durante el ciclo escolar 2015 \u2013 2016.<\/p>\n<p style=\"text-align: justify;\">Cabe se\u00f1alar que el personal de Tr\u00e1nsito y Seguridad Vial implementa acciones preventivas en diversas escuelas del municipio con la finalidad de prevenir accidentes de tr\u00e1nsito y resguardar la seguridad de todos los estudiantes.<\/p>\n<p style=\"text-align: justify;\">Durante este periodo vacacional las zonas escolares ser\u00e1n balizadas, para que el pr\u00f3ximo ciclo escolar se de continuidad a este operativo, el cual ser\u00e1 complementado con pl\u00e1ticas en materia de educaci\u00f3n vial para todos los niveles educativos.<\/p>\n","protected":false},"excerpt":{"rendered":"<p>Visitas: 0Poza Rica, Veracruz &#8211; Directivos, docentes, alumnos y padres de familia de la escuela primaria Adolfo L\u00f3pez Mateos, reconocieron a los elementos de la delegaci\u00f3n n\u00famero 3 de Tr\u00e1nsito y Seguridad Vial de Poza Rica, por el apoyo otorgado a la instituci\u00f3n educativa en la protecci\u00f3n de la entrada de los escolares durante el [&hellip;]<\/p>\n","protected":false},"author":2,"featured_media":156187,"comment_status":"open","ping_status":"open","sticky":false,"template":"","format":"standard","meta":{"footnotes":""},"categories":[213],"tags":[],"class_list":{"0":"post-156186","1":"post","2":"type-post","3":"status-publish","4":"format-standard","5":"has-post-thumbnail","7":"category-poza-rica"},"nelio_content":{"isAutoShareEnabled":true,"autoShareEndMode":"never","automationSources":{"useCustomSentences":false,"customSentences":[]},"followers":[],"suggestedReferences":[],"efiUrl":"","efiAlt":"","highlights":[],"permalinkQueryArgs":[],"series":[]},"_links":{"self":[{"href":"https:\/\/www.enteratever.com\/2023\/wp-json\/wp\/v2\/posts\/156186","targetHints":{"allow":["GET"]}}],"collection":[{"href":"https:\/\/www.enteratever.com\/2023\/wp-json\/wp\/v2\/posts"}],"about":[{"href":"https:\/\/www.enteratever.com\/2023\/wp-json\/wp\/v2\/types\/post"}],"author":[{"embeddable":true,"href":"https:\/\/www.enteratever.com\/2023\/wp-json\/wp\/v2\/users\/2"}],"replies":[{"embeddable":true,"href":"https:\/\/www.enteratever.com\/2023\/wp-json\/wp\/v2\/comments?post=156186"}],"version-history":[{"count":1,"href":"https:\/\/www.enteratever.com\/2023\/wp-json\/wp\/v2\/posts\/156186\/revisions"}],"predecessor-version":[{"id":161715,"href":"https:\/\/www.enteratever.com\/2023\/wp-json\/wp\/v2\/posts\/156186\/revisions\/161715"}],"wp:featuredmedia":[{"embeddable":true,"href":"https:\/\/www.enteratever.com\/2023\/wp-json\/wp\/v2\/media\/156187"}],"wp:attachment":[{"href":"https:\/\/www.enteratever.com\/2023\/wp-json\/wp\/v2\/media?parent=156186"}],"wp:term":[{"taxonomy":"category","embeddable":true,"href":"https:\/\/www.enteratever.com\/2023\/wp-json\/wp\/v2\/categories?post=156186"},{"taxonomy":"post_tag","embeddable":true,"href":"https:\/\/www.enteratever.com\/2023\/wp-json\/wp\/v2\/tags?post=156186"}],"curies":[{"name":"wp","href":"https:\/\/api.w.org\/{rel}","templated":true}]}}