{"id":156162,"date":"2016-07-07T21:38:21","date_gmt":"2016-07-07T21:38:21","guid":{"rendered":"https:\/\/www.enteratever.com\/2023\/el-mejor-legado-para-nuestros-hijos-es-la-educacion-asq\/"},"modified":"2023-01-28T16:34:16","modified_gmt":"2023-01-28T16:34:16","slug":"el-mejor-legado-para-nuestros-hijos-es-la-educacion-asq","status":"publish","type":"post","link":"https:\/\/www.enteratever.com\/2023\/2016\/07\/07\/el-mejor-legado-para-nuestros-hijos-es-la-educacion-asq\/","title":{"rendered":"El mejor legado para nuestros hijos es la educaci\u00f3n: ASQ"},"content":{"rendered":"<p>Visitas: 2<\/p><p style=\"text-align: justify;\">Con gran j\u00fabilo y orgullo el sistema para el Desarrollo Integral de la Familia (DIF) Poza Rica, que preside Araceli S\u00e1nchez de Quiroz en compa\u00f1\u00eda del alcalde Sergio Lorenzo Quiroz Cruz, conmemoran la graduaci\u00f3n de los Centros de Asistencia Infantil Comunitarios (CAIC) generaci\u00f3n 2013-2016 con un total de 293 alumnos egresados, en el gimnasio municipal \u201cMiguel Hidalgo y Costilla\u201d, en compa\u00f1\u00eda de los padres de familia e invitados especiales.<\/p>\n<p style=\"text-align: justify;\">\u201cNos llega a la mente esos recuerdos del momento en que los recibimos con los brazos abiertos, record\u00e1ndolos algunos que con llanto se desped\u00edan de mama, al quedar solo bajo nuestro cuidados. Donde sus mamas depositaron su confianza, y fue all\u00ed donde las maestras tomaron ese doble papel, de ser las que ense\u00f1an y cuidan, se una parte de madre que busca empezar a sembrar en esos peque\u00f1os que tengan buenos h\u00e1bitos y valores\u201d expres\u00f3 S\u00e1nchez de Quiroz.<\/p>\n<p style=\"text-align: justify;\">As\u00ed mismo agradeci\u00f3 el trabajo y la noble labor de cada una de las asistentes educativas de los CAIC, que d\u00eda a d\u00eda brindaron, cuidado y ense\u00f1anza a los ni\u00f1os y ni\u00f1as de los centros.<\/p>\n<p style=\"text-align: justify;\">Dentro del mismo acto protocolario, las alumnas del 3 er. Grado del CAIC Fco. I. Madero, Stephany Vidal G\u00f3mez e Ingrid Pamela Torres Hern\u00e1ndez en representaci\u00f3n de los 293 alumnos, rindieron unas palabras de despedida y agradecimiento a las autoridades correspondientes.<\/p>\n<p style=\"text-align: justify;\">\u201cPorque no habr\u00e1 ning\u00fan esfuerzo que pueda tener m\u00e1s valor que seguir buscando que nuestros ni\u00f1os estudien y se preparen, porque es el mejor legado que les podemos dejar y as\u00ed estas semillitas que apenas est\u00e1n sacando sus hojitas, se conviertan en persona de bien para la sociedad\u201d exhort\u00f3 S\u00e1nchez Salas a los padres de familia all\u00ed presentes.<\/p>\n<p style=\"text-align: justify;\">Por otro lado tambi\u00e9n estuvieron presentes, la Sindico \u00danico Lic. In\u00e9s Adriana G\u00f3mez Garc\u00eda, y regidores, as\u00ed como la representante de la Delegada de la SEV Lic. Dulce Mar\u00eda Bauza del Mazo, la Lic. Elsa Berenice de la Vega Villegas.<\/p>\n","protected":false},"excerpt":{"rendered":"<p>Visitas: 2Con gran j\u00fabilo y orgullo el sistema para el Desarrollo Integral de la Familia (DIF) Poza Rica, que preside Araceli S\u00e1nchez de Quiroz en compa\u00f1\u00eda del alcalde Sergio Lorenzo Quiroz Cruz, conmemoran la graduaci\u00f3n de los Centros de Asistencia Infantil Comunitarios (CAIC) generaci\u00f3n 2013-2016 con un total de 293 alumnos egresados, en el gimnasio [&hellip;]<\/p>\n","protected":false},"author":2,"featured_media":156163,"comment_status":"open","ping_status":"open","sticky":false,"template":"","format":"standard","meta":{"footnotes":""},"categories":[213],"tags":[],"class_list":{"0":"post-156162","1":"post","2":"type-post","3":"status-publish","4":"format-standard","5":"has-post-thumbnail","7":"category-poza-rica"},"nelio_content":{"isAutoShareEnabled":true,"autoShareEndMode":"never","automationSources":{"useCustomSentences":false,"customSentences":[]},"followers":[],"suggestedReferences":[],"efiUrl":"","efiAlt":"","highlights":[],"permalinkQueryArgs":[],"series":[]},"_links":{"self":[{"href":"https:\/\/www.enteratever.com\/2023\/wp-json\/wp\/v2\/posts\/156162","targetHints":{"allow":["GET"]}}],"collection":[{"href":"https:\/\/www.enteratever.com\/2023\/wp-json\/wp\/v2\/posts"}],"about":[{"href":"https:\/\/www.enteratever.com\/2023\/wp-json\/wp\/v2\/types\/post"}],"author":[{"embeddable":true,"href":"https:\/\/www.enteratever.com\/2023\/wp-json\/wp\/v2\/users\/2"}],"replies":[{"embeddable":true,"href":"https:\/\/www.enteratever.com\/2023\/wp-json\/wp\/v2\/comments?post=156162"}],"version-history":[{"count":1,"href":"https:\/\/www.enteratever.com\/2023\/wp-json\/wp\/v2\/posts\/156162\/revisions"}],"predecessor-version":[{"id":161727,"href":"https:\/\/www.enteratever.com\/2023\/wp-json\/wp\/v2\/posts\/156162\/revisions\/161727"}],"wp:featuredmedia":[{"embeddable":true,"href":"https:\/\/www.enteratever.com\/2023\/wp-json\/wp\/v2\/media\/156163"}],"wp:attachment":[{"href":"https:\/\/www.enteratever.com\/2023\/wp-json\/wp\/v2\/media?parent=156162"}],"wp:term":[{"taxonomy":"category","embeddable":true,"href":"https:\/\/www.enteratever.com\/2023\/wp-json\/wp\/v2\/categories?post=156162"},{"taxonomy":"post_tag","embeddable":true,"href":"https:\/\/www.enteratever.com\/2023\/wp-json\/wp\/v2\/tags?post=156162"}],"curies":[{"name":"wp","href":"https:\/\/api.w.org\/{rel}","templated":true}]}}