{"id":156084,"date":"2016-06-23T23:30:28","date_gmt":"2016-06-23T23:30:28","guid":{"rendered":"https:\/\/www.enteratever.com\/2023\/confirman-activistas-jose-de-jesus-jimenez-gaona-pertenecia-a-la-brigada-de-busqueda\/"},"modified":"2023-01-28T16:34:29","modified_gmt":"2023-01-28T16:34:29","slug":"confirman-activistas-jose-de-jesus-jimenez-gaona-pertenecia-a-la-brigada-de-busqueda","status":"publish","type":"post","link":"https:\/\/www.enteratever.com\/2023\/2016\/06\/23\/confirman-activistas-jose-de-jesus-jimenez-gaona-pertenecia-a-la-brigada-de-busqueda\/","title":{"rendered":"Confirman activistas Jos\u00e9 de Jes\u00fas Jim\u00e9nez Gaona pertenec\u00eda a la Brigada de B\u00fasqueda"},"content":{"rendered":"<p>Visitas: 2<\/p>\n<p style=\"text-align: justify;\">Activistas de la Brigada Nacional de B\u00fasqueda de Desaparecidos en Veracruz, confirmaron esta tarde que Jos\u00e9 de Jes\u00fas Jim\u00e9nez Gaona, quien fue asesinado la tarde de ayer en la colonia Flores Mag\u00f3n, pertenec\u00eda a esta brigada ya que buscaba a su hija Jenny Isabel Jim\u00e9nez, desaparecida en la ciudad desde 2011.<\/p>\n<p style=\"text-align: justify;\">Juan Carlos Trujillo Herrera, Presidente de Familiares en B\u00fasqueda Mar\u00eda Herrera A.C. y miembro de la Red de Enlaces Nacionales y del Movimiento por la Paz con Justicia y Dignidad, confirm\u00f3 que desde hace un mes aproximadamente Jes\u00fas se hab\u00eda unido a su movimiento de b\u00fasqueda de familiares desaparecidos.<\/p>\n<p style=\"text-align: justify;\">\u00abLa semana pasada tuvimos una reuni\u00f3n con el subsecretario Campa (Roberto Rafael Campa Cifri\u00e1n, subsecretario de Derechos Humanos de la Secretar\u00eda de Gobernaci\u00f3n) el compa\u00f1ero Jos\u00e9 de Jes\u00fas, fue el representante de Poza Rica, para un mecanismo de seguimiento\u00bb dijo.<\/p>\n<p style=\"text-align: justify;\">Lament\u00f3 el fallecimiento de su compa\u00f1ero y dijo que es un precio muy alto el que tuvo que pagar, ya que a una semana que se reuni\u00f3 con entidades federales lo asesinaron \u00abDe que \u00e9l en fallecimiento era parte de nuestro grupo de trabajo, lo era\u00bb confirm\u00f3.<\/p>\n<p style=\"text-align: justify;\">Se\u00f1al\u00f3 que Veracruz es el estado que mayor caso tiene de desapariciones en los que est\u00e1 involucrados los elementos policiacos. El activista dijo que en el di\u00e1logo el Fiscal General del Estado, Luis \u00c1ngel Bravo Contreras reconoci\u00f3 que est\u00e1n colapsados y carentes de elementos para las investigaciones.<\/p>\n<p style=\"text-align: justify;\">Destac\u00f3 que al igual que en las otras reuniones que han tenido es lo mismo, no se puede hablar de avances, ya que refiri\u00f3 no hay instituciones en Poza Rica, \u00abTenemos un gran problema de inseguridad en Poza Rica\u00bb.<\/p>\n<p style=\"text-align: justify;\">Son en promedio dijo 25 casos de desaparecidos en Poza Rica, los que se investigan mismos que tienen origen desde 2010 hasta la fecha, en el caso de \u00e9l se\u00f1al\u00f3 que lleva 8 a\u00f1os buscando a sus hermanos. \u00abYo no creo en las instituciones de gobierno, ese fue el motivo que gener\u00f3 que realiz\u00e1ramos la brigada de b\u00fasqueda en Amatl\u00e1n, fue la muestra del hartazgo social que hay hacia las instituciones\u00bb.<\/p>\n<p style=\"text-align: justify;\">Mar\u00eda Herrera Magdalena, integrante de la brigada de b\u00fasqueda por su parte a\u00f1adi\u00f3 \u00abLo \u00fanico que podemos decirle a la sociedad es que nos digan en qu\u00e9 lugar pudieran estar nuestros hijos, es lo \u00fanico que pedimos, aqu\u00ed en Poza Rica desaparecieron a dos de mis hijos, a un sobrino y al esposo de una nieta\u00bb.<\/p>\n<p style=\"text-align: justify;\">La mujer con un nudo en la garganta y al borde de las l\u00e1grimas expres\u00f3 que desde 2010 desaparecieron sus familiares y enfatiz\u00f3 que lo \u00fanico que buscan es tener de regreso a sus seres queridos sin importar como est\u00e9n.<\/p>\n<p><iframe loading=\"lazy\" style=\"border: none; overflow: hidden;\" src=\"https:\/\/www.facebook.com\/plugins\/video.php?href=https%3A%2F%2Fwww.facebook.com%2FEnteratevercom%2Fvideos%2F914910991950929%2F&amp;show_text=0&amp;width=560\" width=\"700\" height=\"405\" frameborder=\"0\" scrolling=\"no\" allowfullscreen=\"allowfullscreen\"><\/iframe><\/p>\n","protected":false},"excerpt":{"rendered":"<p>Visitas: 2Activistas de la Brigada Nacional de B\u00fasqueda de Desaparecidos en Veracruz, confirmaron esta tarde que Jos\u00e9 de Jes\u00fas Jim\u00e9nez Gaona, quien fue asesinado la tarde de ayer en la colonia Flores Mag\u00f3n, pertenec\u00eda a esta brigada ya que buscaba a su hija Jenny Isabel Jim\u00e9nez, desaparecida en la ciudad desde 2011. Juan Carlos Trujillo [&hellip;]<\/p>\n","protected":false},"author":2,"featured_media":156085,"comment_status":"open","ping_status":"open","sticky":false,"template":"","format":"standard","meta":{"footnotes":""},"categories":[213],"tags":[],"class_list":{"0":"post-156084","1":"post","2":"type-post","3":"status-publish","4":"format-standard","5":"has-post-thumbnail","7":"category-poza-rica"},"nelio_content":{"isAutoShareEnabled":true,"autoShareEndMode":"never","automationSources":{"useCustomSentences":false,"customSentences":[]},"followers":[],"suggestedReferences":[],"efiUrl":"","efiAlt":"","highlights":[],"permalinkQueryArgs":[],"series":[]},"_links":{"self":[{"href":"https:\/\/www.enteratever.com\/2023\/wp-json\/wp\/v2\/posts\/156084","targetHints":{"allow":["GET"]}}],"collection":[{"href":"https:\/\/www.enteratever.com\/2023\/wp-json\/wp\/v2\/posts"}],"about":[{"href":"https:\/\/www.enteratever.com\/2023\/wp-json\/wp\/v2\/types\/post"}],"author":[{"embeddable":true,"href":"https:\/\/www.enteratever.com\/2023\/wp-json\/wp\/v2\/users\/2"}],"replies":[{"embeddable":true,"href":"https:\/\/www.enteratever.com\/2023\/wp-json\/wp\/v2\/comments?post=156084"}],"version-history":[{"count":1,"href":"https:\/\/www.enteratever.com\/2023\/wp-json\/wp\/v2\/posts\/156084\/revisions"}],"predecessor-version":[{"id":161766,"href":"https:\/\/www.enteratever.com\/2023\/wp-json\/wp\/v2\/posts\/156084\/revisions\/161766"}],"wp:featuredmedia":[{"embeddable":true,"href":"https:\/\/www.enteratever.com\/2023\/wp-json\/wp\/v2\/media\/156085"}],"wp:attachment":[{"href":"https:\/\/www.enteratever.com\/2023\/wp-json\/wp\/v2\/media?parent=156084"}],"wp:term":[{"taxonomy":"category","embeddable":true,"href":"https:\/\/www.enteratever.com\/2023\/wp-json\/wp\/v2\/categories?post=156084"},{"taxonomy":"post_tag","embeddable":true,"href":"https:\/\/www.enteratever.com\/2023\/wp-json\/wp\/v2\/tags?post=156084"}],"curies":[{"name":"wp","href":"https:\/\/api.w.org\/{rel}","templated":true}]}}