{"id":156062,"date":"2016-06-21T20:56:17","date_gmt":"2016-06-21T20:56:17","guid":{"rendered":"https:\/\/www.enteratever.com\/2023\/se-reanudan-clases-este-miercoles-en-todo-el-estado-sev\/"},"modified":"2023-01-28T16:34:29","modified_gmt":"2023-01-28T16:34:29","slug":"se-reanudan-clases-este-miercoles-en-todo-el-estado-sev","status":"publish","type":"post","link":"https:\/\/www.enteratever.com\/2023\/2016\/06\/21\/se-reanudan-clases-este-miercoles-en-todo-el-estado-sev\/","title":{"rendered":"Se reanudan clases este mi\u00e9rcoles en todo el estado: SEV"},"content":{"rendered":"<p>Visitas: 0<\/p><p style=\"text-align: justify;\">La Secretar\u00eda de Educaci\u00f3n de Veracruz (SEV) inform\u00f3 que con base en los reportes del Sistema Estatal de Protecci\u00f3n Civil, se determin\u00f3 la reanudaci\u00f3n de clases este mi\u00e9rcoles 22 de junio en todos los niveles educativos de los 69 municipios del norte y centro de la entidad.<\/p>\n<p style=\"text-align: justify;\">Es preciso recordar que se manten\u00edan suspendidas las actividades escolares ante la presencia de la Tormenta Tropical <i>Danielle<\/i>, que trajo intensas lluvias en esas regiones.<\/p>\n<p style=\"text-align: justify;\">Asimismo, la dependencia mantiene activa la C\u00e9dula \u00danica para Da\u00f1os en Planteles en la p\u00e1gina www.sev.gob.mx, para conocer la situaci\u00f3n que guardan los centros escolares, tras el paso del fen\u00f3meno climatol\u00f3gico.<\/p>\n","protected":false},"excerpt":{"rendered":"<p>Visitas: 0La Secretar\u00eda de Educaci\u00f3n de Veracruz (SEV) inform\u00f3 que con base en los reportes del Sistema Estatal de Protecci\u00f3n Civil, se determin\u00f3 la reanudaci\u00f3n de clases este mi\u00e9rcoles 22 de junio en todos los niveles educativos de los 69 municipios del norte y centro de la entidad. Es preciso recordar que se manten\u00edan suspendidas [&hellip;]<\/p>\n","protected":false},"author":2,"featured_media":156063,"comment_status":"open","ping_status":"open","sticky":false,"template":"","format":"standard","meta":{"footnotes":""},"categories":[213],"tags":[],"class_list":{"0":"post-156062","1":"post","2":"type-post","3":"status-publish","4":"format-standard","5":"has-post-thumbnail","7":"category-poza-rica"},"nelio_content":{"isAutoShareEnabled":true,"autoShareEndMode":"never","automationSources":{"useCustomSentences":false,"customSentences":[]},"followers":[],"suggestedReferences":[],"efiUrl":"","efiAlt":"","highlights":[],"permalinkQueryArgs":[],"series":[]},"_links":{"self":[{"href":"https:\/\/www.enteratever.com\/2023\/wp-json\/wp\/v2\/posts\/156062","targetHints":{"allow":["GET"]}}],"collection":[{"href":"https:\/\/www.enteratever.com\/2023\/wp-json\/wp\/v2\/posts"}],"about":[{"href":"https:\/\/www.enteratever.com\/2023\/wp-json\/wp\/v2\/types\/post"}],"author":[{"embeddable":true,"href":"https:\/\/www.enteratever.com\/2023\/wp-json\/wp\/v2\/users\/2"}],"replies":[{"embeddable":true,"href":"https:\/\/www.enteratever.com\/2023\/wp-json\/wp\/v2\/comments?post=156062"}],"version-history":[{"count":1,"href":"https:\/\/www.enteratever.com\/2023\/wp-json\/wp\/v2\/posts\/156062\/revisions"}],"predecessor-version":[{"id":161778,"href":"https:\/\/www.enteratever.com\/2023\/wp-json\/wp\/v2\/posts\/156062\/revisions\/161778"}],"wp:featuredmedia":[{"embeddable":true,"href":"https:\/\/www.enteratever.com\/2023\/wp-json\/wp\/v2\/media\/156063"}],"wp:attachment":[{"href":"https:\/\/www.enteratever.com\/2023\/wp-json\/wp\/v2\/media?parent=156062"}],"wp:term":[{"taxonomy":"category","embeddable":true,"href":"https:\/\/www.enteratever.com\/2023\/wp-json\/wp\/v2\/categories?post=156062"},{"taxonomy":"post_tag","embeddable":true,"href":"https:\/\/www.enteratever.com\/2023\/wp-json\/wp\/v2\/tags?post=156062"}],"curies":[{"name":"wp","href":"https:\/\/api.w.org\/{rel}","templated":true}]}}