{"id":156012,"date":"2014-06-30T15:59:58","date_gmt":"2014-06-30T15:59:58","guid":{"rendered":"https:\/\/www.enteratever.com\/2023\/confian-que-en-julio-reinicien-trabajos-en-zona-arqueologica-de-poza-rica\/"},"modified":"2023-01-27T19:59:45","modified_gmt":"2023-01-27T19:59:45","slug":"confian-que-en-julio-reinicien-trabajos-en-zona-arqueologica-de-poza-rica","status":"publish","type":"post","link":"https:\/\/www.enteratever.com\/2023\/2014\/06\/30\/confian-que-en-julio-reinicien-trabajos-en-zona-arqueologica-de-poza-rica\/","title":{"rendered":"Conf\u00edan que en Julio reinicien trabajos en zona arqueol\u00f3gica de Poza Rica"},"content":{"rendered":"<p>Visitas: 4<\/p><div id=\"attachment_68896\" class=\"wp-caption aligncenter\">\n<p class=\"wp-caption-text\"><a href=\"http:\/\/enteratever.com\/2015\/wp-content\/uploads\/2016\/06\/300614PozaRica02.jpg\"><img loading=\"lazy\" decoding=\"async\" class=\"aligncenter size-full wp-image-53507\" src=\"http:\/\/enteratever.com\/2015\/wp-content\/uploads\/2016\/06\/300614PozaRica02.jpg\" alt=\"300614PozaRica02\" width=\"659\" height=\"440\" \/><\/a><\/p>\n<p class=\"wp-caption-text\">Conf\u00edan que en Julio reinicien trabajos en zona arqueol\u00f3gica de Poza Rica<\/p>\n<\/div>\n<p>Conf\u00edan autoridades municipales que en julio se reinicien los trabajos en la zona arqueol\u00f3gica de Poza Rica, donde desde 2013 se proyecta construir un parque \u00a0en el que se combinen la arqueolog\u00eda y la ecolog\u00eda de acuerdo a Marco Urrutia, secretario de Desarrollo Humano del ayuntamiento.<span id=\"more-68894\"><\/span><\/p>\n<p>Noqhl\u00e1 \u2013 Encuentro en idioma totonaco-\u00a0 como se ha bautizado a la zona arqueol\u00f3gica de Poza Rica, es hasta ahora el \u00fanico lugar que se ha propuesto para apertura de sitio al consejo de arqueolog\u00eda del Instituto Nacional de Antropolog\u00eda e Historia, luego de que en d\u00edas pasados el Ayuntamiento firmara una carta de intenci\u00f3n a favor de construir en el lugar, un parque ecoarqueol\u00f3gico.<\/p>\n<p>Urrutia dijo que el presidente municipal Sergio Lorenzo Quiroz Cruz ya firm\u00f3 la carta de intenci\u00f3n y confi\u00f3 en que el pr\u00f3ximo mes de julio se reinicien los trabajos, \u201c\u2026Para poder llegar a realizar ese sue\u00f1o que desde hace dos o tres a\u00f1os anda por ah\u00ed\u201d.<\/p>\n<p>Agradeci\u00f3 a los medios de comunicaci\u00f3n el inter\u00e9s puesto en el proyecto pues reconoci\u00f3 que si la opini\u00f3n p\u00fablica no empuja este tipo de proyectos corren el riesgo de estancarse.<\/p>\n<p><a href=\"http:\/\/enteratever.com\/2015\/wp-content\/uploads\/2016\/06\/300614PozaRica01.jpg\"><img loading=\"lazy\" decoding=\"async\" class=\" wp-image-53508 alignleft\" src=\"http:\/\/enteratever.com\/2015\/wp-content\/uploads\/2016\/06\/300614PozaRica01.jpg\" alt=\"300614PozaRica01\" width=\"303\" height=\"227\" \/><\/a>Cabe mencionar que el pasado jueves el proyecto Noqlh\u00e1 fue incluido en el orden del d\u00eda \u00a0del Consejo de Arqueolog\u00eda del INAH como \u00fanico proyecto para apertura de nuevo sitio arqueol\u00f3gico. Ese organismo colegiado tendr\u00e1 una respuesta en los pr\u00f3ximos d\u00edas ya que se estudiar\u00e1 a fondo.<\/p>\n<p>La importancia del sitio, ha dicho la arque\u00f3loga Patricia Castillo, jefa del proyecto de rescate arqueol\u00f3gico realizado en el sitio durante el primer semestre de 2013, es que el lugar presenta vestigios tanto de la cultura huasteca como de la cultura Taj\u00edn, lo que los hace \u00fanico.<\/p>\n<p>El a\u00f1o pasado se comenz\u00f3 a trabajar en este sitio y fue el ex alcalde Armando Kirsch Ramos el que propuso a Castillo la construcci\u00f3n de un parque Ecoarqueol\u00f3gico en el sitio.<\/p>\n","protected":false},"excerpt":{"rendered":"<p>Visitas: 4 Conf\u00edan que en Julio reinicien trabajos en zona arqueol\u00f3gica de Poza Rica Conf\u00edan autoridades municipales que en julio se reinicien los trabajos en la zona arqueol\u00f3gica de Poza Rica, donde desde 2013 se proyecta construir un parque \u00a0en el que se combinen la arqueolog\u00eda y la ecolog\u00eda de acuerdo a Marco Urrutia, secretario [&hellip;]<\/p>\n","protected":false},"author":1,"featured_media":156013,"comment_status":"open","ping_status":"open","sticky":false,"template":"","format":"standard","meta":{"footnotes":""},"categories":[213],"tags":[],"class_list":{"0":"post-156012","1":"post","2":"type-post","3":"status-publish","4":"format-standard","5":"has-post-thumbnail","7":"category-poza-rica"},"nelio_content":{"isAutoShareEnabled":true,"autoShareEndMode":"never","automationSources":{"useCustomSentences":false,"customSentences":[]},"followers":[],"suggestedReferences":[],"efiUrl":"","efiAlt":"","highlights":[],"permalinkQueryArgs":[],"series":[]},"_links":{"self":[{"href":"https:\/\/www.enteratever.com\/2023\/wp-json\/wp\/v2\/posts\/156012","targetHints":{"allow":["GET"]}}],"collection":[{"href":"https:\/\/www.enteratever.com\/2023\/wp-json\/wp\/v2\/posts"}],"about":[{"href":"https:\/\/www.enteratever.com\/2023\/wp-json\/wp\/v2\/types\/post"}],"author":[{"embeddable":true,"href":"https:\/\/www.enteratever.com\/2023\/wp-json\/wp\/v2\/users\/1"}],"replies":[{"embeddable":true,"href":"https:\/\/www.enteratever.com\/2023\/wp-json\/wp\/v2\/comments?post=156012"}],"version-history":[{"count":1,"href":"https:\/\/www.enteratever.com\/2023\/wp-json\/wp\/v2\/posts\/156012\/revisions"}],"predecessor-version":[{"id":162882,"href":"https:\/\/www.enteratever.com\/2023\/wp-json\/wp\/v2\/posts\/156012\/revisions\/162882"}],"wp:featuredmedia":[{"embeddable":true,"href":"https:\/\/www.enteratever.com\/2023\/wp-json\/wp\/v2\/media\/156013"}],"wp:attachment":[{"href":"https:\/\/www.enteratever.com\/2023\/wp-json\/wp\/v2\/media?parent=156012"}],"wp:term":[{"taxonomy":"category","embeddable":true,"href":"https:\/\/www.enteratever.com\/2023\/wp-json\/wp\/v2\/categories?post=156012"},{"taxonomy":"post_tag","embeddable":true,"href":"https:\/\/www.enteratever.com\/2023\/wp-json\/wp\/v2\/tags?post=156012"}],"curies":[{"name":"wp","href":"https:\/\/api.w.org\/{rel}","templated":true}]}}