{"id":155964,"date":"2013-12-31T23:33:38","date_gmt":"2013-12-31T23:33:38","guid":{"rendered":"https:\/\/www.enteratever.com\/2023\/primera-sesion-de-cabildo-a-las-diez-horas-del-1-de-enero\/"},"modified":"2023-01-27T20:00:08","modified_gmt":"2023-01-27T20:00:08","slug":"primera-sesion-de-cabildo-a-las-diez-horas-del-1-de-enero","status":"publish","type":"post","link":"https:\/\/www.enteratever.com\/2023\/2013\/12\/31\/primera-sesion-de-cabildo-a-las-diez-horas-del-1-de-enero\/","title":{"rendered":"Primera sesi\u00f3n de cabildo a las diez horas del 1 de enero"},"content":{"rendered":"<p>Visitas: 0<\/p><p><a href=\"http:\/\/enteratever.com\/2015\/wp-content\/uploads\/2016\/06\/Poza101.jpg\"><img loading=\"lazy\" decoding=\"async\" class=\"aligncenter size-full wp-image-53363\" src=\"http:\/\/enteratever.com\/2015\/wp-content\/uploads\/2016\/06\/Poza101.jpg\" alt=\"Poza101\" width=\"670\" height=\"398\" \/><\/a><\/p>\n<p>La primera sesi\u00f3n de cabildo de <strong>la nueva comuna de Poza Rica<\/strong> est\u00e1 programada para las diez horas del mi\u00e9rcoles de acuerdo a la informaci\u00f3n oficial difundida este martes.<\/p>\n<p><span id=\"more-16645\"><\/span>Durante la primera sesi\u00f3n se le otorgar\u00e1 a los integrantes de la comuna cada una de las comisiones de las que se van a encargar, trascendi\u00f3 esta tarde.<\/p>\n<p>Antes de iniciar este proceso se deber\u00e1 nombrar al secretario del Ayuntamiento y posteriormente al tesorero que ser\u00edan los principales temas del d\u00eda.<\/p>\n<p>Se espera que el presidente municipal tambi\u00e9n tome protesta a sus directores y jefes de \u00e1rea.<\/p>\n","protected":false},"excerpt":{"rendered":"<p>Visitas: 0 La primera sesi\u00f3n de cabildo de la nueva comuna de Poza Rica est\u00e1 programada para las diez horas del mi\u00e9rcoles de acuerdo a la informaci\u00f3n oficial difundida este martes. Durante la primera sesi\u00f3n se le otorgar\u00e1 a los integrantes de la comuna cada una de las comisiones de las que se van a [&hellip;]<\/p>\n","protected":false},"author":1,"featured_media":155965,"comment_status":"open","ping_status":"open","sticky":false,"template":"","format":"standard","meta":{"footnotes":""},"categories":[213],"tags":[],"class_list":{"0":"post-155964","1":"post","2":"type-post","3":"status-publish","4":"format-standard","5":"has-post-thumbnail","7":"category-poza-rica"},"nelio_content":{"isAutoShareEnabled":true,"autoShareEndMode":"never","automationSources":{"useCustomSentences":false,"customSentences":[]},"followers":[],"suggestedReferences":[],"efiUrl":"","efiAlt":"","highlights":[],"permalinkQueryArgs":[],"series":[]},"_links":{"self":[{"href":"https:\/\/www.enteratever.com\/2023\/wp-json\/wp\/v2\/posts\/155964","targetHints":{"allow":["GET"]}}],"collection":[{"href":"https:\/\/www.enteratever.com\/2023\/wp-json\/wp\/v2\/posts"}],"about":[{"href":"https:\/\/www.enteratever.com\/2023\/wp-json\/wp\/v2\/types\/post"}],"author":[{"embeddable":true,"href":"https:\/\/www.enteratever.com\/2023\/wp-json\/wp\/v2\/users\/1"}],"replies":[{"embeddable":true,"href":"https:\/\/www.enteratever.com\/2023\/wp-json\/wp\/v2\/comments?post=155964"}],"version-history":[{"count":1,"href":"https:\/\/www.enteratever.com\/2023\/wp-json\/wp\/v2\/posts\/155964\/revisions"}],"predecessor-version":[{"id":163172,"href":"https:\/\/www.enteratever.com\/2023\/wp-json\/wp\/v2\/posts\/155964\/revisions\/163172"}],"wp:featuredmedia":[{"embeddable":true,"href":"https:\/\/www.enteratever.com\/2023\/wp-json\/wp\/v2\/media\/155965"}],"wp:attachment":[{"href":"https:\/\/www.enteratever.com\/2023\/wp-json\/wp\/v2\/media?parent=155964"}],"wp:term":[{"taxonomy":"category","embeddable":true,"href":"https:\/\/www.enteratever.com\/2023\/wp-json\/wp\/v2\/categories?post=155964"},{"taxonomy":"post_tag","embeddable":true,"href":"https:\/\/www.enteratever.com\/2023\/wp-json\/wp\/v2\/tags?post=155964"}],"curies":[{"name":"wp","href":"https:\/\/api.w.org\/{rel}","templated":true}]}}