{"id":155954,"date":"2016-06-16T22:18:58","date_gmt":"2016-06-16T22:18:58","guid":{"rendered":"https:\/\/www.enteratever.com\/2023\/queremos-un-poza-rica-libre-y-sin-violencia-agg\/"},"modified":"2023-01-28T16:34:42","modified_gmt":"2023-01-28T16:34:42","slug":"queremos-un-poza-rica-libre-y-sin-violencia-agg","status":"publish","type":"post","link":"https:\/\/www.enteratever.com\/2023\/2016\/06\/16\/queremos-un-poza-rica-libre-y-sin-violencia-agg\/","title":{"rendered":"Queremos un Poza Rica libre y sin violencia: AGG"},"content":{"rendered":"<p>Visitas: 0<\/p><p style=\"text-align: justify;\">Queremos un Poza Rica libre y sin violencia, expres\u00f3 al s\u00edndico Adriana G\u00f3mez Garc\u00eda, quien en representaci\u00f3n del alcalde Sergio Lorenzo Quiroz Cruz, encabezo la ceremonia de inauguraci\u00f3n de la campa\u00f1a de Canje de Armas puesta en marcha por la Secretar\u00eda de la Defensa Nacional a trav\u00e9s del S\u00e9ptimo Batall\u00f3n de Infanter\u00eda y en coordinaci\u00f3n con el gobierno municipal.<\/p>\n<p style=\"text-align: justify;\">Ante el comandante del S\u00e9ptimo Batall\u00f3n, Coronel, Mart\u00edn S\u00e1nchez Castillo, la funcionaria se\u00f1al\u00f3 que en ocasiones se tiene un arma en el hogar que nunca se utiliza en contra de un delincuente, sino que causa lamentables tragedias en el seno familiar.<\/p>\n<p style=\"text-align: justify;\">Lo anterior es lo que se trata de evitar con dicha campa\u00f1a extern\u00f3 la funcionaria quien exhort\u00f3 a la poblaci\u00f3n para que participe en el programa y sumando esfuerzos todos, logremos que en nuestras calles, parques, plazas y hogares se respire un clima de seguridad libre de la violencia que ocasiona el mal uso de las armas de fuego.<\/p>\n<p style=\"text-align: justify;\">De esta manera nuestras familias podr\u00e1n gozar de la tranquilidad y vivir en una ciudad libre y sin violencia, porque Todos, todos somos Poza Rica, agreg\u00f3<\/p>\n<p style=\"text-align: justify;\">El Coronel Mart\u00edn S\u00e1nchez Castillo, comandante del S\u00e9ptimo Batall\u00f3n de Infanter\u00eda, fue el encargado de realizar la inauguraci\u00f3n de la campa\u00f1a y posteriormente elementos del Ej\u00e9rcito Mexicano procedieron a destruir la primera arma que fue entregada por un ciudadano.<\/p>\n<p style=\"text-align: justify;\">A cambio las personas estar\u00e1n recibiendo aparatos electr\u00f3nicos y electrodom\u00e9sticos, como una forma de motivar a la poblaci\u00f3n para que entregue sus armas de fuego.<\/p>\n<p style=\"text-align: justify;\">Al acto asistieron regidores, alumnos de instituciones educativas as\u00ed como poblaci\u00f3n en general. El m\u00f3dulo del S\u00e9timo Batall\u00f3n de Infanter\u00eda permanecer\u00e1 instalado en la explanada del Palacio Municipal.<\/p>\n","protected":false},"excerpt":{"rendered":"<p>Visitas: 0Queremos un Poza Rica libre y sin violencia, expres\u00f3 al s\u00edndico Adriana G\u00f3mez Garc\u00eda, quien en representaci\u00f3n del alcalde Sergio Lorenzo Quiroz Cruz, encabezo la ceremonia de inauguraci\u00f3n de la campa\u00f1a de Canje de Armas puesta en marcha por la Secretar\u00eda de la Defensa Nacional a trav\u00e9s del S\u00e9ptimo Batall\u00f3n de Infanter\u00eda y en [&hellip;]<\/p>\n","protected":false},"author":2,"featured_media":155955,"comment_status":"open","ping_status":"open","sticky":false,"template":"","format":"standard","meta":{"footnotes":""},"categories":[213],"tags":[],"class_list":{"0":"post-155954","1":"post","2":"type-post","3":"status-publish","4":"format-standard","5":"has-post-thumbnail","7":"category-poza-rica"},"nelio_content":{"isAutoShareEnabled":true,"autoShareEndMode":"never","automationSources":{"useCustomSentences":false,"customSentences":[]},"followers":[],"suggestedReferences":[],"efiUrl":"","efiAlt":"","highlights":[],"permalinkQueryArgs":[],"series":[]},"_links":{"self":[{"href":"https:\/\/www.enteratever.com\/2023\/wp-json\/wp\/v2\/posts\/155954","targetHints":{"allow":["GET"]}}],"collection":[{"href":"https:\/\/www.enteratever.com\/2023\/wp-json\/wp\/v2\/posts"}],"about":[{"href":"https:\/\/www.enteratever.com\/2023\/wp-json\/wp\/v2\/types\/post"}],"author":[{"embeddable":true,"href":"https:\/\/www.enteratever.com\/2023\/wp-json\/wp\/v2\/users\/2"}],"replies":[{"embeddable":true,"href":"https:\/\/www.enteratever.com\/2023\/wp-json\/wp\/v2\/comments?post=155954"}],"version-history":[{"count":1,"href":"https:\/\/www.enteratever.com\/2023\/wp-json\/wp\/v2\/posts\/155954\/revisions"}],"predecessor-version":[{"id":161800,"href":"https:\/\/www.enteratever.com\/2023\/wp-json\/wp\/v2\/posts\/155954\/revisions\/161800"}],"wp:featuredmedia":[{"embeddable":true,"href":"https:\/\/www.enteratever.com\/2023\/wp-json\/wp\/v2\/media\/155955"}],"wp:attachment":[{"href":"https:\/\/www.enteratever.com\/2023\/wp-json\/wp\/v2\/media?parent=155954"}],"wp:term":[{"taxonomy":"category","embeddable":true,"href":"https:\/\/www.enteratever.com\/2023\/wp-json\/wp\/v2\/categories?post=155954"},{"taxonomy":"post_tag","embeddable":true,"href":"https:\/\/www.enteratever.com\/2023\/wp-json\/wp\/v2\/tags?post=155954"}],"curies":[{"name":"wp","href":"https:\/\/api.w.org\/{rel}","templated":true}]}}