{"id":154224,"date":"2015-11-05T02:00:55","date_gmt":"2015-11-05T02:00:55","guid":{"rendered":"https:\/\/www.enteratever.com\/2023\/criminaliza-pemex-a-agentes-municipales-por-realizar-protestas\/"},"modified":"2023-01-27T19:59:28","modified_gmt":"2023-01-27T19:59:28","slug":"criminaliza-pemex-a-agentes-municipales-por-realizar-protestas","status":"publish","type":"post","link":"https:\/\/www.enteratever.com\/2023\/2015\/11\/05\/criminaliza-pemex-a-agentes-municipales-por-realizar-protestas\/","title":{"rendered":"\u200bCriminaliza Pemex a Agentes Municipales por realizar protestas"},"content":{"rendered":"<p>Visitas: 2<\/p><p style=\"text-align: justify;\">\u00abEs lamentable que se est\u00e9 criminando la protesta es la primera vez que se criminaliza a un campesino que realiza acciones de reproche para exigir a Pemex repare los da\u00f1os que ocasiona, por lo menos 3 agentes han sido detenidos por esta situaci\u00f3n\u00bb mencion\u00f3 Alejandra Jim\u00e9nez Ram\u00edrez, Defensora de Derechos Humanos de la Red Unidos por los Derechos Humanos.<\/p>\n<p style=\"text-align: justify;\">Familiares de Mar\u00eda Salome Ortega Hern\u00e1ndez, agente municipal de la comunidad de Rafael Valenzuela del municipio de Guti\u00e9rrez Zamora, afirman que Pemex y la Polic\u00eda Ministerial Federal est\u00e1 violando los derechos humanos de Ortega debido a que ni siquiera ten\u00eda un mes de haber dado a luz cuando la detuvieron, por lo que dej\u00f3 desamparada a su beb\u00e9.<\/p>\n<p style=\"text-align: justify;\">Eder Villegas Cruz, esposo de Mar\u00eda narro los hechos este mi\u00e9rcoles a la presa, afirm\u00f3 que los agentes ministeriales se llevaron a su esposa con enga\u00f1os y sin haberle mostrado una orden de aprensi\u00f3n. Los elementos llegaron a la casa de Mar\u00eda asegurando que eran de una compa\u00f1\u00eda y le pidieron que les indicar\u00e1 cual era el r\u00edo m\u00e1s cercano para extraer grava ya que realizar\u00edan obras en la comunidad, Ortega Hern\u00e1ndez los acompa\u00f1\u00f3, sin sospechas que en el camino le indicar\u00edan que estaba detenida por que era se\u00f1alada como probable responsable del delito contra el consumo y la riqueza nacionales.<\/p>\n<p style=\"text-align: justify;\">Destac\u00f3 que fue detenida el pasado 28 de octubre por da\u00f1os ambientales y las que m\u00e1s sufren son sus hijas la bebe reci\u00e9n nacida y una peque\u00f1a de 5 a\u00f1os dijo \u00abesta injustamente detenida, ella no hizo nada y no tiene nada que ver ah\u00ed, fue privada de su libertad\u00bb argument\u00f3.<\/p>\n<p style=\"text-align: justify;\">Mar\u00eda hoy se encuentra recluida en el penal para Mujeres n\u00famero 5, en Nayarit, aunque tiene derecho a fianza, la cuota que deben cubrir los familiares es de 140 mil pesos, dinero que asegura su conyugue no puede pagar ya que se dedica al campo y no tiene posibilidad para reunirlo.<\/p>\n<p style=\"text-align: justify;\">Recalc\u00f3 el delito de su esposa fue haber realizado protestas pac\u00edficas para exigir que su comunidad fuera asfaltada, lo que ped\u00eda era que la empresa Productiva del estado Petr\u00f3leos Mexicanos (Pemex).<\/p>\n<p style=\"text-align: justify;\">Cabe hacer menci\u00f3n que Pemex trabaja en la comunidad de Valenzuela desde hace muchos a\u00f1os y en 58 a\u00f1os de haberse servido de este lugar no ha realizado acciones que beneficien a los habitantes de la misma, los campesinos los que demandan son los servicios b\u00e1sicos como drenaje, pavimentaci\u00f3n y reparaci\u00f3n de aula.\u200b<\/p>\n","protected":false},"excerpt":{"rendered":"<p>Visitas: 2\u00abEs lamentable que se est\u00e9 criminando la protesta es la primera vez que se criminaliza a un campesino que realiza acciones de reproche para exigir a Pemex repare los da\u00f1os que ocasiona, por lo menos 3 agentes han sido detenidos por esta situaci\u00f3n\u00bb mencion\u00f3 Alejandra Jim\u00e9nez Ram\u00edrez, Defensora de Derechos Humanos de la Red [&hellip;]<\/p>\n","protected":false},"author":6,"featured_media":154225,"comment_status":"open","ping_status":"open","sticky":false,"template":"","format":"standard","meta":{"footnotes":""},"categories":[213],"tags":[],"class_list":{"0":"post-154224","1":"post","2":"type-post","3":"status-publish","4":"format-standard","5":"has-post-thumbnail","7":"category-poza-rica"},"nelio_content":{"isAutoShareEnabled":true,"autoShareEndMode":"never","automationSources":{"useCustomSentences":false,"customSentences":[]},"followers":[],"suggestedReferences":[],"efiUrl":"","efiAlt":"","highlights":[],"permalinkQueryArgs":[],"series":[]},"_links":{"self":[{"href":"https:\/\/www.enteratever.com\/2023\/wp-json\/wp\/v2\/posts\/154224","targetHints":{"allow":["GET"]}}],"collection":[{"href":"https:\/\/www.enteratever.com\/2023\/wp-json\/wp\/v2\/posts"}],"about":[{"href":"https:\/\/www.enteratever.com\/2023\/wp-json\/wp\/v2\/types\/post"}],"author":[{"embeddable":true,"href":"https:\/\/www.enteratever.com\/2023\/wp-json\/wp\/v2\/users\/6"}],"replies":[{"embeddable":true,"href":"https:\/\/www.enteratever.com\/2023\/wp-json\/wp\/v2\/comments?post=154224"}],"version-history":[{"count":1,"href":"https:\/\/www.enteratever.com\/2023\/wp-json\/wp\/v2\/posts\/154224\/revisions"}],"predecessor-version":[{"id":162623,"href":"https:\/\/www.enteratever.com\/2023\/wp-json\/wp\/v2\/posts\/154224\/revisions\/162623"}],"wp:featuredmedia":[{"embeddable":true,"href":"https:\/\/www.enteratever.com\/2023\/wp-json\/wp\/v2\/media\/154225"}],"wp:attachment":[{"href":"https:\/\/www.enteratever.com\/2023\/wp-json\/wp\/v2\/media?parent=154224"}],"wp:term":[{"taxonomy":"category","embeddable":true,"href":"https:\/\/www.enteratever.com\/2023\/wp-json\/wp\/v2\/categories?post=154224"},{"taxonomy":"post_tag","embeddable":true,"href":"https:\/\/www.enteratever.com\/2023\/wp-json\/wp\/v2\/tags?post=154224"}],"curies":[{"name":"wp","href":"https:\/\/api.w.org\/{rel}","templated":true}]}}