{"id":153729,"date":"2015-09-07T20:19:13","date_gmt":"2015-09-07T20:19:13","guid":{"rendered":"https:\/\/www.enteratever.com\/2023\/ciclo-de-conferencias-control-de-drones-y-uso-de-tecnologia-espacial\/"},"modified":"2023-01-27T19:59:44","modified_gmt":"2023-01-27T19:59:44","slug":"ciclo-de-conferencias-control-de-drones-y-uso-de-tecnologia-espacial","status":"publish","type":"post","link":"https:\/\/www.enteratever.com\/2023\/2015\/09\/07\/ciclo-de-conferencias-control-de-drones-y-uso-de-tecnologia-espacial\/","title":{"rendered":"Ciclo de conferencias Control de drones  y uso de tecnolog\u00eda Espacial"},"content":{"rendered":"<p>Visitas: 9<\/p><p style=\"text-align: justify;\">La Facultad de Ingenier\u00eda Electr\u00f3nica y Comunicaciones del campus Poza Rica de la Universidad Veracruzana (UV),\u00a0 convoca al ciclo de conferencias Control de Drones y Uso de la Tecnolog\u00eda Espacial,\u00a0 el pr\u00f3ximo mi\u00e9rcoles 9 de septiembre.<\/p>\n<p style=\"text-align: justify;\">Juan\u00a0 P\u00e9rez T\u00e9llez integrante del comit\u00e9 organizador de esta Facultad \u00a0\u00a0coment\u00f3 que esta actividad\u00a0 est\u00e1 organizada por la FIME \u00a0en coordinaci\u00f3n con la Agencia Espacial Mexicana\u00a0\u00a0 y la Facultad de Ciencias de la Universidad Aut\u00f3noma de San Lu\u00eds Potos\u00ed.<\/p>\n<p style=\"text-align: justify;\">El objetivo de este importante evento es el de promover y desarrollar iniciativas de colaboraci\u00f3n\u00a0 y movilidad de estudiantes, a fin de contribuir\u00a0 a la protecci\u00f3n y manejo sustentable de los recursos naturales,\u00a0 para generar sistemas\u00a0 de observaci\u00f3n que ayuden\u00a0 en la protecci\u00f3n de la poblaci\u00f3n, registrar efectos del cambio clim\u00e1tico, telesalud y monitorear\u00a0 la contaminaci\u00f3n ambiental.<\/p>\n<p style=\"text-align: justify;\">Sobre las conferencias dijo que est\u00e1s \u00a0ser\u00e1n impartidas por el\u00a0 Coordinador de Investigaci\u00f3n Cient\u00edfica\u00a0 y Desarrollo Tecnol\u00f3gico Espacial de la Agencia Espacial Mexicana\u00a0 Enrique Pacheco Cabrera\u00a0 quien adem\u00e1s forma parte de la Red Tem\u00e1tica CONACyT\u00a0 de Ciencia y Tecnolog\u00eda Espacial quien\u00a0 dictar\u00e1 la conferencia: \u00a0\u00a0Los sat\u00e9lites peque\u00f1os como habilitadores\u00a0 de acceso al espacio: La perspectiva de la Agencia Espacial Mexicana.<\/p>\n<p style=\"text-align: justify;\">Ulises Pineda Rico profesor investigador de la Facultad\u00a0 de Ciencias de la UASL hablar\u00e1 sobre: Veh\u00edculos terrestres\/no tripulados\u00a0 orientados a tareas de protecci\u00f3n civil\u00a0 y control de siniestros,\u00a0 concluyendo con\u00a0 la conferencia Aplicaciones de tiristores\u00a0 por parte del ex\u00a0 director de la Facultad de Ciencias de la UASL Benito Pineda Reyes.<\/p>\n<p style=\"text-align: justify;\">Las actividades se realizar\u00e1n\u00a0 en el aula de conferencias del programa educativo de Ingenier\u00eda Petrolera a partir de las 09:00 horas.<\/p>\n","protected":false},"excerpt":{"rendered":"<p>Visitas: 9La Facultad de Ingenier\u00eda Electr\u00f3nica y Comunicaciones del campus Poza Rica de la Universidad Veracruzana (UV),\u00a0 convoca al ciclo de conferencias Control de Drones y Uso de la Tecnolog\u00eda Espacial,\u00a0 el pr\u00f3ximo mi\u00e9rcoles 9 de septiembre. Juan\u00a0 P\u00e9rez T\u00e9llez integrante del comit\u00e9 organizador de esta Facultad \u00a0\u00a0coment\u00f3 que esta actividad\u00a0 est\u00e1 organizada por la [&hellip;]<\/p>\n","protected":false},"author":1,"featured_media":153730,"comment_status":"open","ping_status":"open","sticky":false,"template":"","format":"standard","meta":{"footnotes":""},"categories":[213],"tags":[],"class_list":{"0":"post-153729","1":"post","2":"type-post","3":"status-publish","4":"format-standard","5":"has-post-thumbnail","7":"category-poza-rica"},"nelio_content":{"isAutoShareEnabled":true,"autoShareEndMode":"never","automationSources":{"useCustomSentences":false,"customSentences":[]},"followers":[],"suggestedReferences":[],"efiUrl":"","efiAlt":"","highlights":[],"permalinkQueryArgs":[],"series":[]},"_links":{"self":[{"href":"https:\/\/www.enteratever.com\/2023\/wp-json\/wp\/v2\/posts\/153729","targetHints":{"allow":["GET"]}}],"collection":[{"href":"https:\/\/www.enteratever.com\/2023\/wp-json\/wp\/v2\/posts"}],"about":[{"href":"https:\/\/www.enteratever.com\/2023\/wp-json\/wp\/v2\/types\/post"}],"author":[{"embeddable":true,"href":"https:\/\/www.enteratever.com\/2023\/wp-json\/wp\/v2\/users\/1"}],"replies":[{"embeddable":true,"href":"https:\/\/www.enteratever.com\/2023\/wp-json\/wp\/v2\/comments?post=153729"}],"version-history":[{"count":1,"href":"https:\/\/www.enteratever.com\/2023\/wp-json\/wp\/v2\/posts\/153729\/revisions"}],"predecessor-version":[{"id":162871,"href":"https:\/\/www.enteratever.com\/2023\/wp-json\/wp\/v2\/posts\/153729\/revisions\/162871"}],"wp:featuredmedia":[{"embeddable":true,"href":"https:\/\/www.enteratever.com\/2023\/wp-json\/wp\/v2\/media\/153730"}],"wp:attachment":[{"href":"https:\/\/www.enteratever.com\/2023\/wp-json\/wp\/v2\/media?parent=153729"}],"wp:term":[{"taxonomy":"category","embeddable":true,"href":"https:\/\/www.enteratever.com\/2023\/wp-json\/wp\/v2\/categories?post=153729"},{"taxonomy":"post_tag","embeddable":true,"href":"https:\/\/www.enteratever.com\/2023\/wp-json\/wp\/v2\/tags?post=153729"}],"curies":[{"name":"wp","href":"https:\/\/api.w.org\/{rel}","templated":true}]}}